{"id":208879,"date":"2025-12-31T05:02:24","date_gmt":"2025-12-31T05:02:24","guid":{"rendered":"https:\/\/www.europesays.com\/pt\/208879\/"},"modified":"2025-12-31T05:02:24","modified_gmt":"2025-12-31T05:02:24","slug":"leandro-assume-se-magoado-com-pedro-entreguei-lhe-a-minha-amizade-foi-uma-traicao-tvi","status":"publish","type":"post","link":"https:\/\/www.europesays.com\/pt\/208879\/","title":{"rendered":"Leandro assume-se magoado com Pedro: \u00abEntreguei-lhe a minha amizade, foi uma trai\u00e7\u00e3o\u00bb &#8211; TVI"},"content":{"rendered":"<ol>\n<li><a href=\"https:\/\/news.google.com\/rss\/articles\/CBMi3AFBVV95cUxQUmpMQkhMMlRwV1FickVCTW94M1N6MW5xV24tdW9RMGVPeUNtOEdheW5TdmtPbUppX2djRjJOLWlnNlA4VnJzc2NnWm5YRHlYbGNaUmVjeXpQYWZqNHJjYmtUdVFaSVBab2NGaFA2TUFJT3JNT1VGbWtfOXlKbEI0dWNNZU5OZWxzNDZCU0pGLTFyZFlLZ0JpMktjVUxzMjBkeEx6ajFkU0hGX2Z1LV9XTEl3dGVlcUNtQmFnY19MWUFJRUc4X0l3c3E4T1pndFdYTF9tQWlrRUVidEpD?oc=5\" target=\"_blank\" rel=\"nofollow noopener\">Leandro assume-se magoado com Pedro: \u00abEntreguei-lhe a minha amizade, foi uma trai\u00e7\u00e3o\u00bb<\/a>&nbsp;&nbsp;TVI<\/li>\n<li><a href=\"https:\/\/news.google.com\/rss\/articles\/CBMi7AFBVV95cUxNN210cjg2cklRYzE5UmJ1dFFtd0JwOVNIVlZMeGZWSy1uM05nMWh4eThRMmpGR3QxRWpvaEpxbUJaNlZWS0MxR0NEWlBxdjNrTTctWVpUd1pXSmtVNFF6Ym45R3FUVF83dHRFU1ZGaS1DUUgyNjVLUUt5cG9EMnJTQkVZMWdkQW5FTk1pb0ctTEt1dktfMXdabXJWRG9CTmtlMW4xTVJ5azM2aU9SaHN6eHZLV190N3hJcVI2Mm1vMDhBYnFtY3BKUEFhWmNxbEZjZzhobXZ2eXhRVE9xcHQ4NzQzOW9vYUhsY1dFWQ?oc=5\" target=\"_blank\" rel=\"nofollow noopener\">Cultura geral \u00e9 posta \u00e0 prova e finalistas deixam muito a desejar! O momento \u00e9 de chorar a rir<\/a>&nbsp;&nbsp;TVI<\/li>\n<li><a href=\"https:\/\/news.google.com\/rss\/articles\/CBMi8AFBVV95cUxOS0JCN0d3WVc2di1rd1BqYVpVUEZ5T0otVWpLczNEOVRKTmhPYllIYXZxR2tiZVRDcGJpa3BuTUJhbDRTRXBqNDd3Y3dPSUJDeXNEeUtlMF9IbjN2Q3pWOUFKeTR5azJBbTZvcWtPMjZHZUo2TnMzMENpd21OTFFaS0xiazMzVEdwMmZXR0hhSXFhNlYwQ1dfZmpYLTdwalVUX3hoM0huSHNSN3hIMHJZWEt0ODNHb0xZRU9YSWM3WEFDRlp6MGFMVVMwNFliSzFwdGJMajZCWWxRaHZvZzZ2TkREbmstdVlVZUxwRjFkajc?oc=5\" target=\"_blank\" rel=\"nofollow noopener\">Pedro leva Liliana ao limite! Discuss\u00e3o acesa acaba em l\u00e1grimas: \u00ab\u00c9s a \u00faltima pessoa a abrir a boca\u00bb<\/a>&nbsp;&nbsp;TVI<\/li>\n<li><a href=\"https:\/\/news.google.com\/rss\/articles\/CBMixwFBVV95cUxQVnlxTHhuNUxodGtfbVNEWXhHV01XUzVhRjdYalJoM3JrU000ZzBnYjRLQnVBWTUwTTFLeTdZaUFnRHVtWDc0MG9EMXdBVXdOcnN0b0xtbk4teG9LS09Ud2dPRnZ2QWJKSU9SSkQ1VmxmbmFGM2NqYmZIdkxvV2RSLThXb01FNDFraFBPem9ZeE81YU83Q0pRNm9KbmhqTkx4N0xmNEhobnF0R01vc3pBLVNlY0hkTmUzZDhhb0Z4S2hDc21HdXpB?oc=5\" target=\"_blank\" rel=\"nofollow noopener\">\u00abPensas que \u00e9s mais bem vista\u00bb: Marisa perde a paci\u00eancia com Liliana<\/a>&nbsp;&nbsp;TVI<\/li>\n<li><a href=\"https:\/\/news.google.com\/rss\/articles\/CBMi5wFBVV95cUxOaHdNUFRyUWlMOUtERnh4ckJRMHp2dGhhQXBOc0ZobFRUOEN0UnU3OGpyYTZhRW5NZFlNeUEwRWlDRzZyLVloUlBETk8tclN1bExmX044Szk3UjlWQUZ2QkZZTmpLdmR6WlpoRmR4ZFN3N0R3aURmQk5BNnBpRjd4aDN0Yk95eTFKcnJWVmRtYi1Hb2d5bGZJT1Q2VUg2SHNkaXdQOGpGU2ptTGRuYWRXSEh4ZE5UY2diODUwV3JWaGk1X21xRGpQcU52d2lVb3dNU1NnYlRsM0N3TlBmVjNWQTVyb1l4M0k?oc=5\" target=\"_blank\" rel=\"nofollow noopener\">Liliana chega \u00e0 exaust\u00e3o e recorda fim do noivado: \u00abPorque \u00e9 que isto faz de mim um monstro?\u00bb<\/a>&nbsp;&nbsp;TVI<\/li>\n<\/ol>\n","protected":false},"excerpt":{"rendered":"Leandro assume-se magoado com Pedro: \u00abEntreguei-lhe a minha amizade, foi uma trai\u00e7\u00e3o\u00bb&nbsp;&nbsp;TVI Cultura geral \u00e9 posta \u00e0 prova&hellip;\n","protected":false},"author":2,"featured_media":208880,"comment_status":"","ping_status":"","sticky":false,"template":"","format":"standard","meta":{"footnotes":""},"categories":[142],"tags":[19230,19231,114,115,12397,19229,32,33,151],"class_list":{"0":"post-208879","1":"post","2":"type-post","3":"status-publish","4":"format-standard","5":"has-post-thumbnail","7":"category-tv","8":"tag-analises-tvi","9":"tag-debates-casa-dos-segredos","10":"tag-entertainment","11":"tag-entretenimento","12":"tag-leandro","13":"tag-opiniao-comentadores","14":"tag-portugal","15":"tag-pt","16":"tag-tv"},"share_on_mastodon":{"url":"https:\/\/pubeurope.com\/@pt\/115812430145790661","error":""},"_links":{"self":[{"href":"https:\/\/www.europesays.com\/pt\/wp-json\/wp\/v2\/posts\/208879","targetHints":{"allow":["GET"]}}],"collection":[{"href":"https:\/\/www.europesays.com\/pt\/wp-json\/wp\/v2\/posts"}],"about":[{"href":"https:\/\/www.europesays.com\/pt\/wp-json\/wp\/v2\/types\/post"}],"author":[{"embeddable":true,"href":"https:\/\/www.europesays.com\/pt\/wp-json\/wp\/v2\/users\/2"}],"replies":[{"embeddable":true,"href":"https:\/\/www.europesays.com\/pt\/wp-json\/wp\/v2\/comments?post=208879"}],"version-history":[{"count":0,"href":"https:\/\/www.europesays.com\/pt\/wp-json\/wp\/v2\/posts\/208879\/revisions"}],"wp:featuredmedia":[{"embeddable":true,"href":"https:\/\/www.europesays.com\/pt\/wp-json\/wp\/v2\/media\/208880"}],"wp:attachment":[{"href":"https:\/\/www.europesays.com\/pt\/wp-json\/wp\/v2\/media?parent=208879"}],"wp:term":[{"taxonomy":"category","embeddable":true,"href":"https:\/\/www.europesays.com\/pt\/wp-json\/wp\/v2\/categories?post=208879"},{"taxonomy":"post_tag","embeddable":true,"href":"https:\/\/www.europesays.com\/pt\/wp-json\/wp\/v2\/tags?post=208879"}],"curies":[{"name":"wp","href":"https:\/\/api.w.org\/{rel}","templated":true}]}}