{"id":208884,"date":"2025-12-31T05:24:11","date_gmt":"2025-12-31T05:24:11","guid":{"rendered":"https:\/\/www.europesays.com\/pt\/208884\/"},"modified":"2025-12-31T05:24:11","modified_gmt":"2025-12-31T05:24:11","slug":"vaticano-mais-de-tres-milhoes-de-participantes-nas-audiencias-e-celebracoes-em-2025","status":"publish","type":"post","link":"https:\/\/www.europesays.com\/pt\/208884\/","title":{"rendered":"Vaticano: mais de tr\u00eas milh\u00f5es de participantes nas audi\u00eancias e celebra\u00e7\u00f5es em 2025"},"content":{"rendered":"<p>Dados divulgados pela Prefeitura da Casa Pontif\u00edcia indicam mais de 250 mil participantes at\u00e9 abril, levando em considera\u00e7\u00e3o a hospitaliza\u00e7\u00e3o do Papa Francisco a partir de 14 de fevereiro e a subsequente distribui\u00e7\u00e3o dos textos do Angelus e das Audi\u00eancias Gerais pela Sala de Imprensa da Santa S\u00e9, mesmo ap\u00f3s seu retorno a Santa Marta. Desde maio, ap\u00f3s a elei\u00e7\u00e3o de Le\u00e3o XIV, a participa\u00e7\u00e3o foi de quase tr\u00eas milh\u00f5es de fi\u00e9is.<\/p>\n<p><b>Vatican News<\/b><\/p>\n<p>Em 2025, 3.176.620 fi\u00e9is participaram de audi\u00eancias e celebra\u00e7\u00f5es lit\u00fargicas no Vaticano. Os dados, divulgados pela Prefeitura da Casa Pontif\u00edcia, incluem Audi\u00eancias Gerais e jubilares, audi\u00eancias especiais, celebra\u00e7\u00f5es lit\u00fargicas e ora\u00e7\u00f5es do Angelus.<\/p>\n<p>Presen\u00e7a durante o pontificado do Papa Francisco <\/p>\n<p>De janeiro a abril, durante o pontificado do Papa Francisco, um total de 262.820 pessoas compareceram: 60.500 nas oito audi\u00eancias gerais e jubilares, 10.320 nas audi\u00eancias especiais, 62.000 nas celebra\u00e7\u00f5es lit\u00fargicas e 130.000 nas ora\u00e7\u00f5es do Angelus. Na leitura desses n\u00fameros devem ser levados em considera\u00e7\u00e3o a hospitaliza\u00e7\u00e3o do Papa Francisco no Hospital Gemelli, que come\u00e7ou em 14 de fevereiro, e seu retorno a Santa Marta. Durante esse per\u00edodo, os textos das audi\u00eancias gerais e do Angelus foram divulgados exclusivamente pela Sala de Imprensa da Santa S\u00e9.<\/p>\n<p>Presen\u00e7a desde a elei\u00e7\u00e3o do Papa Le\u00e3o XIV <\/p>\n<p>Desde a elei\u00e7\u00e3o do Papa Le\u00e3o XIV para a C\u00e1tedra de Pedro, em 8 de maio, at\u00e9 o final do ano, a presen\u00e7a total foi de 2.913.800 pessoas. Especificamente, 1.069.000 pessoas participaram das 36 audi\u00eancias gerais e jubilares, 148.300 nas audi\u00eancias especiais, 796.500 nas celebra\u00e7\u00f5es lit\u00fargicas e 900.000 nas ora\u00e7\u00f5es do Angelus. Dezembro registrou o maior n\u00famero de presen\u00e7a na ora\u00e7\u00e3o mariana, com aproximadamente 250.000 participantes, enquanto outubro teve o pico de presen\u00e7a tanto nas celebra\u00e7\u00f5es lit\u00fargicas (aproximadamente 200.000) quanto nas audi\u00eancias gerais e jubilares (aproximadamente 295.000).<\/p>\n","protected":false},"excerpt":{"rendered":"Dados divulgados pela Prefeitura da Casa Pontif\u00edcia indicam mais de 250 mil participantes at\u00e9 abril, levando em considera\u00e7\u00e3o&hellip;\n","protected":false},"author":2,"featured_media":208885,"comment_status":"","ping_status":"","sticky":false,"template":"","format":"standard","meta":{"footnotes":""},"categories":[50],"tags":[27,28,15,16,14,25,26,21,22,62,12,13,19,20,12634,811,23,24,17,18,29,30,31,5598,63,64,65],"class_list":{"0":"post-208884","1":"post","2":"type-post","3":"status-publish","4":"format-standard","5":"has-post-thumbnail","7":"category-mundo","8":"tag-breaking-news","9":"tag-breakingnews","10":"tag-featured-news","11":"tag-featurednews","12":"tag-headlines","13":"tag-latest-news","14":"tag-latestnews","15":"tag-main-news","16":"tag-mainnews","17":"tag-mundo","18":"tag-news","19":"tag-noticias","20":"tag-noticias-principais","21":"tag-noticiasprincipais","22":"tag-papa-francisco","23":"tag-papa-leao-xiv","24":"tag-principais-noticias","25":"tag-principaisnoticias","26":"tag-top-stories","27":"tag-topstories","28":"tag-ultimas","29":"tag-ultimas-noticias","30":"tag-ultimasnoticias","31":"tag-vaticano","32":"tag-world","33":"tag-world-news","34":"tag-worldnews"},"share_on_mastodon":{"url":"https:\/\/pubeurope.com\/@pt\/115812516720860318","error":""},"_links":{"self":[{"href":"https:\/\/www.europesays.com\/pt\/wp-json\/wp\/v2\/posts\/208884","targetHints":{"allow":["GET"]}}],"collection":[{"href":"https:\/\/www.europesays.com\/pt\/wp-json\/wp\/v2\/posts"}],"about":[{"href":"https:\/\/www.europesays.com\/pt\/wp-json\/wp\/v2\/types\/post"}],"author":[{"embeddable":true,"href":"https:\/\/www.europesays.com\/pt\/wp-json\/wp\/v2\/users\/2"}],"replies":[{"embeddable":true,"href":"https:\/\/www.europesays.com\/pt\/wp-json\/wp\/v2\/comments?post=208884"}],"version-history":[{"count":0,"href":"https:\/\/www.europesays.com\/pt\/wp-json\/wp\/v2\/posts\/208884\/revisions"}],"wp:featuredmedia":[{"embeddable":true,"href":"https:\/\/www.europesays.com\/pt\/wp-json\/wp\/v2\/media\/208885"}],"wp:attachment":[{"href":"https:\/\/www.europesays.com\/pt\/wp-json\/wp\/v2\/media?parent=208884"}],"wp:term":[{"taxonomy":"category","embeddable":true,"href":"https:\/\/www.europesays.com\/pt\/wp-json\/wp\/v2\/categories?post=208884"},{"taxonomy":"post_tag","embeddable":true,"href":"https:\/\/www.europesays.com\/pt\/wp-json\/wp\/v2\/tags?post=208884"}],"curies":[{"name":"wp","href":"https:\/\/api.w.org\/{rel}","templated":true}]}}