{"id":208892,"date":"2025-12-31T05:40:15","date_gmt":"2025-12-31T05:40:15","guid":{"rendered":"https:\/\/www.europesays.com\/pt\/208892\/"},"modified":"2025-12-31T05:40:15","modified_gmt":"2025-12-31T05:40:15","slug":"primeiro-dia-do-ano-com-chuva-vento-e-ondulacao-fortes","status":"publish","type":"post","link":"https:\/\/www.europesays.com\/pt\/208892\/","title":{"rendered":"Primeiro dia do ano com chuva, vento e ondula\u00e7\u00e3o fortes"},"content":{"rendered":"<p data-remotead-prev-elm=\"true\" data-remotead-elm-id=\"inread\">&#8220;Houve altera\u00e7\u00f5es significativas relativamente \u00e0s previs\u00f5es anteriores do IPMA que n\u00e3o davam precipita\u00e7\u00e3o. A situa\u00e7\u00e3o de precipita\u00e7\u00e3o antecipou consideravelmente relativamente h\u00e1 cerca de dois dias a esta parte, pelo que <strong>devido \u00e0 passagem da depress\u00e3o Francis, vamos ter precipita\u00e7\u00e3o<\/strong>&#8220;, adiantou \u00e0 Lusa a meteorologista Maria Jo\u00e3o Frada do instituto Portugu\u00eas do Mar e da Atmosfera (IPMA).<\/p>\n<p>Segundo o IPMA, at\u00e9 quarta-feira, o estado do tempo vai ser influenciado por um anticiclone localizado a sul da Isl\u00e2ndia, que se estende em crista em dire\u00e7\u00e3o \u00e0 Europa Ocidental, originado uma corrente muito fraca de leste e o transporte de uma<strong> massa de ar polar<\/strong> sobre o territ\u00f3rio do continente.<\/p>\n<p>&#8220;Hoje teremos c\u00e9u pouco nublado, tempo frio e forma\u00e7\u00e3o de neblina ou nevoeiro matinal, em especial no interior e nos vales dos rios, podendo persistir ao longo do dia no nordeste transmontano e na Beira Alta. Existem ainda condi\u00e7\u00f5es para a forma\u00e7\u00e3o de geada, em especial no interior&#8221;, disse.<\/p>\n<p data-remotead-prev-elm=\"true\" data-remotead-elm-id=\"centro1\">A meteorologista explica que, no nordeste transmontano e na Beira Alta, o nevoeiro previsto associado a temperatura m\u00ednima negativa \u00e9 compat\u00edvel com a forma\u00e7\u00e3o de sincelos.<\/p>\n<p>&#8220;A partir de quarta-feira, o enfraquecimento da crista, favorece a aproxima\u00e7\u00e3o gradual da depress\u00e3o Francis, \u00e0 qual est\u00e3o associadas perturba\u00e7\u00f5es frontais que dar\u00e3o origem a<strong> precipita\u00e7\u00e3o no primeiro dia do ano e vento, por vezes forte e com rajadas <\/strong>no litoral e terras altas&#8221;, adiantou.<\/p>\n<p>De acordo com Maria Jo\u00e3o Frada, na tarde de quarta-feira j\u00e1 est\u00e1 prevista chuva fraca no Algarve, persistindo na quinta-feira.<\/p>\n<p data-remotead-prev-elm=\"true\" data-remotead-elm-id=\"centro2\">&#8220;A madrugada de dia 1 [quinta-feira] tamb\u00e9m h\u00e1 a possibilidade de chuva fraca no litoral sul do Cabo Raso e Cabo da Roca. No dia 2 [sexta-feira], a precipita\u00e7\u00e3o vai sentir-se em todo o territ\u00f3rio do continente, sendo por vezes forte, e vento&#8221;, disse.<\/p>\n<p>Na quarta-feira, as temperaturas v\u00e3o registar uma subida, em especial a m\u00ednima, no entanto, ainda com valores entre 0 e -3\u00b0C em muitos locais do interior das regi\u00f5es norte e centro.<\/p>\n<p>&#8220;Durante o dia de quinta-feira vamos ter tamb\u00e9m <strong>agita\u00e7\u00e3o mar\u00edtima<\/strong>, com ondas de 2 a 3,5 metros&#8221;, referiu.<\/p>\n<p data-remotead-prev-elm=\"true\" data-remotead-elm-id=\"centro3\">Quanto \u00e0 <strong>Madeira<\/strong>, est\u00e1 previsto um agravamento do estado do tempo a partir da tarde com a intensifica\u00e7\u00e3o da chuva, tornando-se por vezes forte em especial nas vertentes sul, terras altas e parte oeste da ilha. &#8220;O IPMA tem colocado <strong>aviso laranja <\/strong>nas terras altas e vertente sul, mas \u00e9 prov\u00e1vel que o limiar de aviso pelo menos nas terras altas possa ser elevado para n\u00edvel vermelho, se se mantiver este cen\u00e1rio entre as 0 horas e as 6 horas de quinta-feira&#8221;, contou.<\/p>\n<p>Est\u00e1 tamb\u00e9m previsto para a ilha da Madeira<strong> trovoadas, granizo, vento forte<\/strong> com rajadas da ordem dos 85 quil\u00f3metros por hora, sendo de 115 nas terras altas, e agita\u00e7\u00e3o mar\u00edtima com ondas com 03 a 04 metros&#8221;, disse.<\/p>\n<p>Para o arquip\u00e9lago dos <strong>A\u00e7ores<\/strong>, a aproxima\u00e7\u00e3o e passagem de um sistema frontal dever\u00e1 condicionar o estado do tempo em todas as ilhas, provocando precipita\u00e7\u00e3o por vezes forte a partir desta ter\u00e7a-feira. &#8220;Na quarta e quinta-feira, a instabilidade associada \u00e0 circula\u00e7\u00e3o da depress\u00e3o Francis, dever\u00e1 provocar aguaceiros em todas as ilhas, especialmente nos grupos central e oriental. Est\u00e1 tamb\u00e9m previsto vento forte e ondas do quadrante leste de 2 a 4 metros.<\/p>\n","protected":false},"excerpt":{"rendered":"&#8220;Houve altera\u00e7\u00f5es significativas relativamente \u00e0s previs\u00f5es anteriores do IPMA que n\u00e3o davam precipita\u00e7\u00e3o. A situa\u00e7\u00e3o de precipita\u00e7\u00e3o antecipou&hellip;\n","protected":false},"author":2,"featured_media":171653,"comment_status":"","ping_status":"","sticky":false,"template":"","format":"standard","meta":{"footnotes":""},"categories":[8],"tags":[27,28,15,16,14,350,25,26,21,22,8532,619,12,13,19,20,37505,32,23,24,33,17,18,29,30,31],"class_list":{"0":"post-208892","1":"post","2":"type-post","3":"status-publish","4":"format-standard","5":"has-post-thumbnail","7":"category-principais-noticias","8":"tag-breaking-news","9":"tag-breakingnews","10":"tag-featured-news","11":"tag-featurednews","12":"tag-headlines","13":"tag-ipma","14":"tag-latest-news","15":"tag-latestnews","16":"tag-main-news","17":"tag-mainnews","18":"tag-mau-tempo","19":"tag-nacional","20":"tag-news","21":"tag-noticias","22":"tag-noticias-principais","23":"tag-noticiasprincipais","24":"tag-passagem-de-ano","25":"tag-portugal","26":"tag-principais-noticias","27":"tag-principaisnoticias","28":"tag-pt","29":"tag-top-stories","30":"tag-topstories","31":"tag-ultimas","32":"tag-ultimas-noticias","33":"tag-ultimasnoticias"},"share_on_mastodon":{"url":"https:\/\/pubeurope.com\/@pt\/115812579635466495","error":""},"_links":{"self":[{"href":"https:\/\/www.europesays.com\/pt\/wp-json\/wp\/v2\/posts\/208892","targetHints":{"allow":["GET"]}}],"collection":[{"href":"https:\/\/www.europesays.com\/pt\/wp-json\/wp\/v2\/posts"}],"about":[{"href":"https:\/\/www.europesays.com\/pt\/wp-json\/wp\/v2\/types\/post"}],"author":[{"embeddable":true,"href":"https:\/\/www.europesays.com\/pt\/wp-json\/wp\/v2\/users\/2"}],"replies":[{"embeddable":true,"href":"https:\/\/www.europesays.com\/pt\/wp-json\/wp\/v2\/comments?post=208892"}],"version-history":[{"count":0,"href":"https:\/\/www.europesays.com\/pt\/wp-json\/wp\/v2\/posts\/208892\/revisions"}],"wp:featuredmedia":[{"embeddable":true,"href":"https:\/\/www.europesays.com\/pt\/wp-json\/wp\/v2\/media\/171653"}],"wp:attachment":[{"href":"https:\/\/www.europesays.com\/pt\/wp-json\/wp\/v2\/media?parent=208892"}],"wp:term":[{"taxonomy":"category","embeddable":true,"href":"https:\/\/www.europesays.com\/pt\/wp-json\/wp\/v2\/categories?post=208892"},{"taxonomy":"post_tag","embeddable":true,"href":"https:\/\/www.europesays.com\/pt\/wp-json\/wp\/v2\/tags?post=208892"}],"curies":[{"name":"wp","href":"https:\/\/api.w.org\/{rel}","templated":true}]}}