{"id":208896,"date":"2025-12-31T05:55:09","date_gmt":"2025-12-31T05:55:09","guid":{"rendered":"https:\/\/www.europesays.com\/pt\/208896\/"},"modified":"2025-12-31T05:55:09","modified_gmt":"2025-12-31T05:55:09","slug":"leticia-colin-e-michel-melamed-aparecem-em-clima-de-romance-confira","status":"publish","type":"post","link":"https:\/\/www.europesays.com\/pt\/208896\/","title":{"rendered":"Let\u00edcia Colin e Michel Melamed aparecem em clima de romance; confira!"},"content":{"rendered":"<p>Nesta ter\u00e7a-feira, 30, a atriz <a href=\"https:\/\/caras.com.br\/tags\/leticia-colin\" rel=\"nofollow noopener\" target=\"_blank\"><strong>Let\u00edcia Colin<\/strong><\/a> compartilhou alguns registros de sua viagem a Alberta, no Canad\u00e1. Nos registros, a famosa estava acompanhada de seu ex-marido, o ator <strong><a href=\"https:\/\/caras.com.br\/tags\/michel-melamed\" rel=\"nofollow noopener\" target=\"_blank\">Michel Melamed<\/a><\/strong> e f\u00e3s notaram grande intimidade entre o ex-casal.<\/p>\n<p>Na publica\u00e7\u00e3o, Let\u00edcia e Michel estavam com os rostos colados enquanto trocavam olhares em meio a um restaurante local. Al\u00e9m disso, a proximidade dos artistas durante a viagem chamou a aten\u00e7\u00e3o dos f\u00e3s nos coment\u00e1rios.<\/p>\n<p>Os seguidores da famosa se empolgaram com a possibilidade dos pombinhos estarem juntos novamente e surgiram rumores de uma reconcilia\u00e7\u00e3o. \u201cO casal mais amado est\u00e1 de volta\u201d, escreveu um internauta. \u201cEsse \u00e9 o casal que n\u00f3s amamos\u201d, disse outro. \u201cMichel nasceu pra Lel\u00ea, Lel\u00ea nasceu pra Michel\u201d, comentou o terceiro.<\/p>\n<p>Vale ressaltar que a artista comemorou a chegada de seus 36 anos em meio a uma viagem em fam\u00edlia e agradeceu aos f\u00e3s pelas mensagens de carinho. \u201cVai aqui o registro fundamental do meu primeiro caf\u00e9 com 36 anos (risos). Obrigada pelos parab\u00e9ns de todos!!! \u00c9 bom estar na Terra com voc\u00eas\u201d, escreveu ela em suas redes sociais.<\/p>\n<p>\t Confira! <img loading=\"lazy\" decoding=\"async\" class=\"size-full wp-image-1051449 img-fluid lazy\" alt=\"Let\u00edcia Colin e Michel Melamed em viagem - Foto: Reprodu\u00e7\u00e3o\/Instagram\" width=\"828\" height=\"814\" src=\"https:\/\/www.europesays.com\/pt\/wp-content\/uploads\/2025\/12\/leticia-michel-canada.jpg\"  \/>Let\u00edcia Colin e Michel Melamed em viagem \u2013 Foto: Reprodu\u00e7\u00e3o\/Instagram <img loading=\"lazy\" decoding=\"async\" class=\"size-full wp-image-1051450 img-fluid lazy\" alt=\"Let\u00edcia Colin e Michel Melamed em viagem - Foto: Reprodu\u00e7\u00e3o\/Instagram\" width=\"828\" height=\"911\" src=\"https:\/\/www.europesays.com\/pt\/wp-content\/uploads\/2025\/12\/leticia-canada.jpg\"  \/>Let\u00edcia Colin e Michel Melamed em viagem \u2013 Foto: Reprodu\u00e7\u00e3o\/Instagram <img loading=\"lazy\" decoding=\"async\" class=\"size-full wp-image-1051451 img-fluid lazy\" alt=\"Let\u00edcia Colin e Michel Melamed em viagem - Foto: Reprodu\u00e7\u00e3o\/Instagram\" width=\"828\" height=\"771\" src=\"https:\/\/www.europesays.com\/pt\/wp-content\/uploads\/2025\/12\/leticia-michel-viagem-familia-canada.jpg\"  \/>Let\u00edcia Colin e Michel Melamed em viagem \u2013 Foto: Reprodu\u00e7\u00e3o\/Instagram <\/p>\n<blockquote class=\"instagram-media\" style=\"background: #FFF; border: 0; border-radius: 3px; box-shadow: 0 0 1px 0 rgba(0,0,0,0.5),0 1px 10px 0 rgba(0,0,0,0.15); margin: 1px; max-width: 540px; min-width: 326px; padding: 0; width: calc(100% - 2px);\" data-instgrm-captioned=\"\" data-instgrm-permalink=\"https:\/\/www.instagram.com\/p\/DS5VBbFDkM0\/?utm_source=ig_embed&amp;utm_campaign=loading\" data-instgrm-version=\"14\"><\/blockquote>\n<p>  O t\u00e9rmino de Let\u00edcia Colin e Michel Melamed <\/p>\n<p>Let\u00edcia e Michel anunciaram o fim do relacionamento em julho de 2024, ap\u00f3s nove anos juntos. A separa\u00e7\u00e3o teria sido um processo de amadurecimento, onde ambos entenderam que o ciclo como casal havia chegado ao fim.<\/p>\n<p>Al\u00e9m disso, Let\u00edcia e Michel mant\u00eam uma rela\u00e7\u00e3o de amizade e colabora\u00e7\u00e3o constante para garantir que a rotina de Uri n\u00e3o sofra grandes impactos negativos.<\/p>\n<p>A hist\u00f3ria de amor entre Let\u00edcia e Michel rendeu n\u00e3o apenas parcerias memor\u00e1veis nos palcos e nas telas, mas tamb\u00e9m o nascimento de <strong>Uri<\/strong> (5), o \u00fanico filho do casal. Segundo informa\u00e7\u00f5es apuradas pela grande imprensa, o t\u00e9rmino ocorreu de maneira amig\u00e1vel e respeitosa, priorizando a estabilidade emocional da crian\u00e7a.<\/p>\n<p><strong>Leia tamb\u00e9m:\u00a0<\/strong><a href=\"https:\/\/caras.com.br\/novelas\/chay-suede-e-leticia-colin-serao-casal-em-nova-novela-das-21h-veja-detalhes-da-trama.phtml\" rel=\"nofollow noopener\" target=\"_blank\">Chay Suede e Let\u00edcia Colin ser\u00e3o casal em nova novela das 21h; veja detalhes da trama<\/a><\/p>\n<p>        <a href=\"https:\/\/caras.com.br\/autor\/giovanna-f-campos\" rel=\"nofollow noopener\" target=\"_blank\">&#13;<br \/>\n          <img loading=\"lazy\" decoding=\"async\" alt=\"Giovanna F Campos\" src=\"https:\/\/www.europesays.com\/pt\/wp-content\/uploads\/2025\/09\/525986578_1657136028311574_5510063872310493577_n-150x150.jpg\" class=\"avatar avatar-115 photo rounded-circle\" height=\"115\" width=\"115\"\/>        <\/a><\/p>\n<p>Giovanna F Campos \u00e9 estudante de jornalismo pela Faculdade C\u00e1sper L\u00edbero, apaixonada por entretenimento e literatura.<\/p>\n<p>\t                                            <script async src=\"\/\/www.instagram.com\/embed.js\"><\/script><\/p>\n","protected":false},"excerpt":{"rendered":"Nesta ter\u00e7a-feira, 30, a atriz Let\u00edcia Colin compartilhou alguns registros de sua viagem a Alberta, no Canad\u00e1. Nos&hellip;\n","protected":false},"author":2,"featured_media":208897,"comment_status":"","ping_status":"","sticky":false,"template":"","format":"standard","meta":{"footnotes":""},"categories":[145],"tags":[211,210,114,115,33931,981,8057,21989,32,33,1412,814],"class_list":{"0":"post-208896","1":"post","2":"type-post","3":"status-publish","4":"format-standard","5":"has-post-thumbnail","7":"category-celebridades","8":"tag-celebridades","9":"tag-celebrities","10":"tag-entertainment","11":"tag-entretenimento","12":"tag-ex-casal","13":"tag-familia","14":"tag-leticia-colin","15":"tag-michel-melamed","16":"tag-portugal","17":"tag-pt","18":"tag-reconciliacao","19":"tag-viagem"},"share_on_mastodon":{"url":"https:\/\/pubeurope.com\/@pt\/115812638600447038","error":""},"_links":{"self":[{"href":"https:\/\/www.europesays.com\/pt\/wp-json\/wp\/v2\/posts\/208896","targetHints":{"allow":["GET"]}}],"collection":[{"href":"https:\/\/www.europesays.com\/pt\/wp-json\/wp\/v2\/posts"}],"about":[{"href":"https:\/\/www.europesays.com\/pt\/wp-json\/wp\/v2\/types\/post"}],"author":[{"embeddable":true,"href":"https:\/\/www.europesays.com\/pt\/wp-json\/wp\/v2\/users\/2"}],"replies":[{"embeddable":true,"href":"https:\/\/www.europesays.com\/pt\/wp-json\/wp\/v2\/comments?post=208896"}],"version-history":[{"count":0,"href":"https:\/\/www.europesays.com\/pt\/wp-json\/wp\/v2\/posts\/208896\/revisions"}],"wp:featuredmedia":[{"embeddable":true,"href":"https:\/\/www.europesays.com\/pt\/wp-json\/wp\/v2\/media\/208897"}],"wp:attachment":[{"href":"https:\/\/www.europesays.com\/pt\/wp-json\/wp\/v2\/media?parent=208896"}],"wp:term":[{"taxonomy":"category","embeddable":true,"href":"https:\/\/www.europesays.com\/pt\/wp-json\/wp\/v2\/categories?post=208896"},{"taxonomy":"post_tag","embeddable":true,"href":"https:\/\/www.europesays.com\/pt\/wp-json\/wp\/v2\/tags?post=208896"}],"curies":[{"name":"wp","href":"https:\/\/api.w.org\/{rel}","templated":true}]}}