{"id":208898,"date":"2025-12-31T06:02:10","date_gmt":"2025-12-31T06:02:10","guid":{"rendered":"https:\/\/www.europesays.com\/pt\/208898\/"},"modified":"2025-12-31T06:02:10","modified_gmt":"2025-12-31T06:02:10","slug":"distrito-federal-recebe-certificado-por-eliminar-transmissao-vertical-de-hiv-e-sifilis","status":"publish","type":"post","link":"https:\/\/www.europesays.com\/pt\/208898\/","title":{"rendered":"Distrito Federal recebe certificado por eliminar transmiss\u00e3o vertical de HIV e s\u00edfilis"},"content":{"rendered":"<p data-path-to-node=\"2\"><b data-path-to-node=\"2\" data-index-in-node=\"0\">Por Kleber Karpov<\/b><\/p>\n<p data-path-to-node=\"3\">A Secretaria de Sa\u00fade do Distrito Federal recebeu, neste m\u00eas (31\/Dez), certifica\u00e7\u00e3o oficial da Organiza\u00e7\u00e3o Pan-Americana da Sa\u00fade (Opas) pela elimina\u00e7\u00e3o da transmiss\u00e3o vertical do HIV e da s\u00edfilis. O reconhecimento atesta a efic\u00e1cia das pol\u00edticas p\u00fablicas no combate \u00e0s infec\u00e7\u00f5es transmitidas de m\u00e3e para filho durante a gesta\u00e7\u00e3o ou parto. A capital federal se destaca pela implementa\u00e7\u00e3o de fluxos de cuidado que garantem o diagn\u00f3stico precoce e o tratamento imediato na rede p\u00fablica.<\/p>\n<p>Selos de prata e bronze<\/p>\n<p data-path-to-node=\"5\">O sistema de sa\u00fade distrital alcan\u00e7ou o Selo Prata para o HIV e o Selo Bronze para a s\u00edfilis conforme os crit\u00e9rios internacionais de excel\u00eancia. A avalia\u00e7\u00e3o exige que a taxa de transmiss\u00e3o vertical do v\u00edrus da imunodefici\u00eancia humana se mantenha inferior a 2%. As autoridades sanit\u00e1rias tamb\u00e9m monitoram a incid\u00eancia em crian\u00e7as para que o \u00edndice fique abaixo de 0,5 caso por mil nascidos vivos no territ\u00f3rio.<\/p>\n<p data-path-to-node=\"6\">A Gerente de Vigil\u00e2ncia de Infec\u00e7\u00f5es Sexualmente Transmiss\u00edveis, Beatriz Maciel, afirmou que a certifica\u00e7\u00e3o legitima o esfor\u00e7o das equipes nas maternidades. Segundo a gestora, o foco atual se volta para a manuten\u00e7\u00e3o dos indicadores de qualidade no pr\u00e9-natal e suporte especializado. A ferramenta se mostra essencial para assegurar que os beb\u00eas nas\u00e7am saud\u00e1veis e livres de infec\u00e7\u00f5es que podem ser evitadas com acompanhamento cl\u00ednico.<\/p>\n<p data-path-to-node=\"7\">\u201cEssa certifica\u00e7\u00e3o legitima um esfor\u00e7o coletivo da Secretaria de Sa\u00fade, que envolve desde a busca ativa at\u00e9 o suporte especializado nas maternidades\u201d, disse Beatriz Maciel.<\/p>\n<p>Panorama<\/p>\n<p data-path-to-node=\"9\">O Ministro da Sa\u00fade, Alexandre Padilha, avaliou que o Brasil se consolida como o maior pa\u00eds do mundo a eliminar a transmiss\u00e3o vertical do HIV. O representante destacou que os avan\u00e7os refletem a consolida\u00e7\u00e3o do acesso gratuito \u00e0 terapia antirretroviral no Sistema \u00danico de Sa\u00fade (SUS). Dados nacionais indicam uma queda de 13% nos \u00f3bitos por aids entre os anos de 2023 e 2024 ao atingir o menor patamar em tr\u00eas d\u00e9cadas.<\/p>\n<p data-path-to-node=\"10\">No Distrito Federal, o governo ampliou a oferta de ferramentas de preven\u00e7\u00e3o como as profilaxias pr\u00e9-exposi\u00e7\u00e3o (PrEP) e p\u00f3s-exposi\u00e7\u00e3o (PEP). A rede p\u00fablica tamb\u00e9m intensificou a distribui\u00e7\u00e3o de testes r\u00e1pidos e a busca ativa de gestantes para o acompanhamento m\u00e9dico ininterrupto. O fortalecimento dessas estrat\u00e9gias permitiu que a capital atingisse mais de 95% de cobertura nos exames de pr\u00e9-natal e na oferta de medicamentos.<\/p>\n<p>\n<img loading=\"lazy\" decoding=\"async\" class=\"alignleft wp-image-35635 size-thumbnail\" src=\"https:\/\/www.europesays.com\/pt\/wp-content\/uploads\/2025\/09\/Kleber-Karpov-150x150.jpg\"   alt=\"\" width=\"150\" height=\"150\"\/><strong>Kleber Karpov, <\/strong>Fenaj: 10379-DF \u2013 IFJ: BR17894&#13;<br \/>\nMestrando em Comunica\u00e7\u00e3o Pol\u00edtica (Universidade Cat\u00f3lica Portuguesa\/Lisboa, Portugal); P\u00f3s-Graduando em MBA Executivo em Neuromarketing (Unyleya); P\u00f3s-Graduado em Auditoria e Gest\u00e3o de Servi\u00e7os de Sa\u00fade (Unicesp); Extens\u00e3o em Ci\u00eancias Pol\u00edticas por Veduca\/ Universidade de S\u00e3o Paulo (USP);Ex-secret\u00e1rio Municipal de Comunica\u00e7\u00e3o de Santo Ant\u00f4nio do Descoberto(GO); Foi assessor de imprensa no Senado Federal, C\u00e2mara Federal e na C\u00e2mara Legislativa do Distrito Federal.&#13;<\/p>\n","protected":false},"excerpt":{"rendered":"Por Kleber Karpov A Secretaria de Sa\u00fade do Distrito Federal recebeu, neste m\u00eas (31\/Dez), certifica\u00e7\u00e3o oficial da Organiza\u00e7\u00e3o&hellip;\n","protected":false},"author":2,"featured_media":208899,"comment_status":"","ping_status":"","sticky":false,"template":"","format":"standard","meta":{"footnotes":""},"categories":[86],"tags":[116,32,33,117],"class_list":{"0":"post-208898","1":"post","2":"type-post","3":"status-publish","4":"format-standard","5":"has-post-thumbnail","7":"category-saude","8":"tag-health","9":"tag-portugal","10":"tag-pt","11":"tag-saude"},"share_on_mastodon":{"url":"https:\/\/pubeurope.com\/@pt\/115812666123414563","error":""},"_links":{"self":[{"href":"https:\/\/www.europesays.com\/pt\/wp-json\/wp\/v2\/posts\/208898","targetHints":{"allow":["GET"]}}],"collection":[{"href":"https:\/\/www.europesays.com\/pt\/wp-json\/wp\/v2\/posts"}],"about":[{"href":"https:\/\/www.europesays.com\/pt\/wp-json\/wp\/v2\/types\/post"}],"author":[{"embeddable":true,"href":"https:\/\/www.europesays.com\/pt\/wp-json\/wp\/v2\/users\/2"}],"replies":[{"embeddable":true,"href":"https:\/\/www.europesays.com\/pt\/wp-json\/wp\/v2\/comments?post=208898"}],"version-history":[{"count":0,"href":"https:\/\/www.europesays.com\/pt\/wp-json\/wp\/v2\/posts\/208898\/revisions"}],"wp:featuredmedia":[{"embeddable":true,"href":"https:\/\/www.europesays.com\/pt\/wp-json\/wp\/v2\/media\/208899"}],"wp:attachment":[{"href":"https:\/\/www.europesays.com\/pt\/wp-json\/wp\/v2\/media?parent=208898"}],"wp:term":[{"taxonomy":"category","embeddable":true,"href":"https:\/\/www.europesays.com\/pt\/wp-json\/wp\/v2\/categories?post=208898"},{"taxonomy":"post_tag","embeddable":true,"href":"https:\/\/www.europesays.com\/pt\/wp-json\/wp\/v2\/tags?post=208898"}],"curies":[{"name":"wp","href":"https:\/\/api.w.org\/{rel}","templated":true}]}}