{"id":208904,"date":"2025-12-31T06:12:08","date_gmt":"2025-12-31T06:12:08","guid":{"rendered":"https:\/\/www.europesays.com\/pt\/208904\/"},"modified":"2025-12-31T06:12:08","modified_gmt":"2025-12-31T06:12:08","slug":"secret-story-vera-surpreende-ao-revelar-que-reencontrou-o-amor-veja-o-video","status":"publish","type":"post","link":"https:\/\/www.europesays.com\/pt\/208904\/","title":{"rendered":"&#8220;Secret Story&#8221;. Vera surpreende ao revelar que reencontrou o amor: veja o v\u00eddeo!"},"content":{"rendered":"<p>No intervalo da gala do &#8220;Secret Story&#8221;, da TVI, <a href=\"https:\/\/selfie.iol.pt\/famosos\/vera\/secret-story-vera-declara-se-a-concorrente-foi-real-desde-o-primeiro-dia\/20251226\/694ed2e3d34e2bd5c6d589bf\" target=\"_blank\" rel=\"nofollow noopener\">Vera Cl\u00e1udia<\/a> esteve \u00e0 conversa com a rep\u00f3rter da TVI Carolina Steffensen e n\u00e3o deixou nada por dizer.<\/p>\n<p>&#8220;Cada um tem que seguir o seu pr\u00f3prio caminho. Eles s\u00e3o livres de viver aquilo que sentem. Eu tamb\u00e9m decidi seguir a minha vida&#8221;, come\u00e7ou por dizer a nortenha, em rela\u00e7\u00e3o a Dylan Fonte e In\u00eas Gama.<\/p>\n<p>&#8220;O teu cora\u00e7\u00e3o j\u00e1 est\u00e1 ocupado, ou nem por isso?&#8221;, perguntou-lhe, ainda, a rep\u00f3rter.<\/p>\n<p>&#8220;Sim&#8221;, respondeu, sem hesitar, Vera Cl\u00e1udia, esclarecendo, ainda, que a nova paix\u00e3o\u00a0&#8220;n\u00e3o tem nada que ver com concorrentes&#8221;.<\/p>\n<p>Veja, agora, o v\u00eddeo.<\/p>\n","protected":false},"excerpt":{"rendered":"No intervalo da gala do &#8220;Secret Story&#8221;, da TVI, Vera Cl\u00e1udia esteve \u00e0 conversa com a rep\u00f3rter da&hellip;\n","protected":false},"author":2,"featured_media":180374,"comment_status":"","ping_status":"","sticky":false,"template":"","format":"standard","meta":{"footnotes":""},"categories":[142],"tags":[2642,114,115,980,619,32,33,1014,1315,1012,151,162,11841],"class_list":{"0":"post-208904","1":"post","2":"type-post","3":"status-publish","4":"format-standard","5":"has-post-thumbnail","7":"category-tv","8":"tag-amor","9":"tag-entertainment","10":"tag-entretenimento","11":"tag-famosos","12":"tag-nacional","13":"tag-portugal","14":"tag-pt","15":"tag-reality-show","16":"tag-secret-story","17":"tag-selfie","18":"tag-tv","19":"tag-tvi","20":"tag-vera"},"share_on_mastodon":{"url":"https:\/\/pubeurope.com\/@pt\/115812705412599584","error":""},"_links":{"self":[{"href":"https:\/\/www.europesays.com\/pt\/wp-json\/wp\/v2\/posts\/208904","targetHints":{"allow":["GET"]}}],"collection":[{"href":"https:\/\/www.europesays.com\/pt\/wp-json\/wp\/v2\/posts"}],"about":[{"href":"https:\/\/www.europesays.com\/pt\/wp-json\/wp\/v2\/types\/post"}],"author":[{"embeddable":true,"href":"https:\/\/www.europesays.com\/pt\/wp-json\/wp\/v2\/users\/2"}],"replies":[{"embeddable":true,"href":"https:\/\/www.europesays.com\/pt\/wp-json\/wp\/v2\/comments?post=208904"}],"version-history":[{"count":0,"href":"https:\/\/www.europesays.com\/pt\/wp-json\/wp\/v2\/posts\/208904\/revisions"}],"wp:featuredmedia":[{"embeddable":true,"href":"https:\/\/www.europesays.com\/pt\/wp-json\/wp\/v2\/media\/180374"}],"wp:attachment":[{"href":"https:\/\/www.europesays.com\/pt\/wp-json\/wp\/v2\/media?parent=208904"}],"wp:term":[{"taxonomy":"category","embeddable":true,"href":"https:\/\/www.europesays.com\/pt\/wp-json\/wp\/v2\/categories?post=208904"},{"taxonomy":"post_tag","embeddable":true,"href":"https:\/\/www.europesays.com\/pt\/wp-json\/wp\/v2\/tags?post=208904"}],"curies":[{"name":"wp","href":"https:\/\/api.w.org\/{rel}","templated":true}]}}