{"id":208936,"date":"2025-12-31T07:36:09","date_gmt":"2025-12-31T07:36:09","guid":{"rendered":"https:\/\/www.europesays.com\/pt\/208936\/"},"modified":"2025-12-31T07:36:09","modified_gmt":"2025-12-31T07:36:09","slug":"visita-de-cristina-ferreira-acaba-em-discussao-e-estraga-a-noite-de-festa-secret-story","status":"publish","type":"post","link":"https:\/\/www.europesays.com\/pt\/208936\/","title":{"rendered":"Visita de Cristina Ferreira acaba em discuss\u00e3o e estraga a noite de festa &#8211; Secret Story"},"content":{"rendered":"<p data-end=\"453\" data-start=\"122\">A reta final do Secret Story \u2013 Casa dos Segredos 9 ganhou um momento inesperado nesta segunda-feira, dia 29, quando Cristina Ferreira surpreendeu os finalistas ao entrar na casa da Malveira. A visita trouxe um sopro de realidade e quebrou temporariamente o isolamento vivido pelos concorrentes, despertando entusiasmo e sorrisos.<\/p>\n<p data-end=\"896\" data-start=\"455\">A apresentadora trouxe consigo mais do que apenas energia e presen\u00e7a: mostrou um resumo das not\u00edcias mais marcantes dos \u00faltimos tr\u00eas meses, entregou mensagens carinhosas de antigos concorrentes e ainda proporcionou um jantar especial com pizzas, transformando a noite numa pausa divertida da rotina habitual. Entre conversas e risadas, os finalistas puderam aproveitar um momento de descontra\u00e7\u00e3o em plena contagem decrescente para a final.<\/p>\n<p data-end=\"1228\" data-start=\"898\">Antes de se despedir, Cristina quis conhecer o estado emocional de cada participante nesta fase decisiva e deixou um conselho simples, mas importante: aproveitar ao m\u00e1ximo os \u00faltimos dias dentro da casa. Recordou tamb\u00e9m que faltam apenas dois dias para o fim do jogo, refor\u00e7ando a import\u00e2ncia de viver intensamente cada momento.<\/p>\n<p data-end=\"1591\" data-start=\"1230\">No entanto, a tranquilidade n\u00e3o se manteve por muito tempo. Ap\u00f3s a sa\u00edda da apresentadora, durante o jantar, voltaram a surgir desentendimentos entre os concorrentes. Pedro Jorge afastou-se da mesa depois de um conflito com Marisa e Liliana, levando o prato consigo para o quarto, um gesto que evidenciou novamente as tens\u00f5es que marcam a reta final do jogo.<\/p>\n<p data-end=\"1795\" data-start=\"1593\">Entre surpresas, momentos de descontra\u00e7\u00e3o e novos confrontos, a visita de Cristina Ferreira mostrou que, mesmo a poucos dias da grande final, o Secret Story continua imprevis\u00edvel e cheio de emo\u00e7\u00f5es.<\/p>\n<p data-end=\"1795\" data-start=\"1593\"><strong>Veja o momento:<\/strong><\/p>\n<p data-end=\"1795\" data-start=\"1593\">\u00a0<\/p>\n","protected":false},"excerpt":{"rendered":"A reta final do Secret Story \u2013 Casa dos Segredos 9 ganhou um momento inesperado nesta segunda-feira, dia&hellip;\n","protected":false},"author":2,"featured_media":208937,"comment_status":"","ping_status":"","sticky":false,"template":"","format":"standard","meta":{"footnotes":""},"categories":[142],"tags":[8113,2632,329,333,328,335,166,336,114,115,334,330,15353,19016,1326,338,19184,19019,13,21416,32,33,1315,8174,151,162,19020,227],"class_list":{"0":"post-208936","1":"post","2":"type-post","3":"status-publish","4":"format-standard","5":"has-post-thumbnail","7":"category-tv","8":"tag-alice-alves","9":"tag-casa-dos-segredos","10":"tag-claudio-ramos","11":"tag-comentadores","12":"tag-concorrentes","13":"tag-confrontos","14":"tag-cristina-ferreira","15":"tag-discussoes","16":"tag-entertainment","17":"tag-entretenimento","18":"tag-exclusivos","19":"tag-gala","20":"tag-ines","21":"tag-liliana","22":"tag-mafalda-castro","23":"tag-maria-botelho-moniz","24":"tag-marisa","25":"tag-marta-cardoso","26":"tag-noticias","27":"tag-pedro-jorge","28":"tag-portugal","29":"tag-pt","30":"tag-secret-story","31":"tag-segredos","32":"tag-tv","33":"tag-tvi","34":"tag-video-do-dia","35":"tag-videos"},"share_on_mastodon":{"url":"https:\/\/pubeurope.com\/@pt\/115813035690681070","error":""},"_links":{"self":[{"href":"https:\/\/www.europesays.com\/pt\/wp-json\/wp\/v2\/posts\/208936","targetHints":{"allow":["GET"]}}],"collection":[{"href":"https:\/\/www.europesays.com\/pt\/wp-json\/wp\/v2\/posts"}],"about":[{"href":"https:\/\/www.europesays.com\/pt\/wp-json\/wp\/v2\/types\/post"}],"author":[{"embeddable":true,"href":"https:\/\/www.europesays.com\/pt\/wp-json\/wp\/v2\/users\/2"}],"replies":[{"embeddable":true,"href":"https:\/\/www.europesays.com\/pt\/wp-json\/wp\/v2\/comments?post=208936"}],"version-history":[{"count":0,"href":"https:\/\/www.europesays.com\/pt\/wp-json\/wp\/v2\/posts\/208936\/revisions"}],"wp:featuredmedia":[{"embeddable":true,"href":"https:\/\/www.europesays.com\/pt\/wp-json\/wp\/v2\/media\/208937"}],"wp:attachment":[{"href":"https:\/\/www.europesays.com\/pt\/wp-json\/wp\/v2\/media?parent=208936"}],"wp:term":[{"taxonomy":"category","embeddable":true,"href":"https:\/\/www.europesays.com\/pt\/wp-json\/wp\/v2\/categories?post=208936"},{"taxonomy":"post_tag","embeddable":true,"href":"https:\/\/www.europesays.com\/pt\/wp-json\/wp\/v2\/tags?post=208936"}],"curies":[{"name":"wp","href":"https:\/\/api.w.org\/{rel}","templated":true}]}}