{"id":208955,"date":"2025-12-31T08:28:08","date_gmt":"2025-12-31T08:28:08","guid":{"rendered":"https:\/\/www.europesays.com\/pt\/208955\/"},"modified":"2025-12-31T08:28:08","modified_gmt":"2025-12-31T08:28:08","slug":"smartphones-de-gama-media-com-menos-ram-para-reduzir-custos","status":"publish","type":"post","link":"https:\/\/www.europesays.com\/pt\/208955\/","title":{"rendered":"Smartphones de gama m\u00e9dia com menos RAM para reduzir custos"},"content":{"rendered":"<p>Epera-se que 2026 seja um ano complicado para a ind\u00fastria dos smartphones e dos PCs. A escacez da RAM e a sua utiliza\u00e7\u00e3o no contexto da IA ir\u00e1 fazer com que o pre\u00e7o dispare e que em muitos casos n\u00e3o esteja dispon\u00edvel. Para contrariar isso, as marcas encontraram a solu\u00e7\u00e3o, que certamente ir\u00e1 desagradar a todos. Os smartphones de gama m\u00e9dia v\u00e3o ter ter menos RAM para reduzir custos.<\/p>\n<p><a target=\"_blank\" href=\"https:\/\/pplware.sapo.pt\/wp-content\/uploads\/2025\/12\/smartphones_gama_media_1.jpg\" onclick=\"refreshIframe()\" class=\"foobox\" rel=\"nofollow noopener\"><img fetchpriority=\"high\" decoding=\"async\" src=\"https:\/\/www.europesays.com\/pt\/wp-content\/uploads\/2025\/12\/smartphones_gama_media_1-1024x576.jpg\" alt=\"smartphones RAM gama m\u00e9dia pre\u00e7o\" width=\"720\" height=\"405\" class=\"aligncenter size-large wp-image-1096011\"  \/><\/a>\n<\/p>\n<p>A press\u00e3o dos pre\u00e7os nos componentes para smartphones<\/p>\n<p>O mercado tecnol\u00f3gico prepara-se para enfrentar novos desafios j\u00e1 no in\u00edcio de 2026. As previs\u00f5es apontam para uma subida significativa nos pre\u00e7os das mem\u00f3rias. Esta tend\u00eancia inflacion\u00e1ria, impulsionada em grande parte pela procura voraz de grandes projetos de Intelig\u00eancia Artificial e pela expans\u00e3o de centros de dados, dever\u00e1 criar uma escassez de componentes essenciais. <\/p>\n<p>Como resultado direto, os fabricantes de dispositivos m\u00f3veis ver-se-\u00e3o for\u00e7ados a reavaliar as suas estrat\u00e9gias de produ\u00e7\u00e3o para manter a competitividade. Isso que poder\u00e1 ter repercuss\u00f5es imediatas nas especifica\u00e7\u00f5es t\u00e9cnicas e no pre\u00e7o final dos equipamentos que chegam ao mercado.<\/p>\n<p>Ser\u00e1 um recuo grande na mem\u00f3ria RAM da gama m\u00e9dia<\/p>\n<p>Uma das consequ\u00eancias mais preocupantes deste cen\u00e1rio econ\u00f3mico \u00e9 a poss\u00edvel estagna\u00e7\u00e3o, ou mesmo um retrocesso, na quantidade de mem\u00f3ria disponibilizada nos novos modelos. Relat\u00f3rios recentes sugerem que, em vez da esperada evolu\u00e7\u00e3o para capacidades superiores, os smartphones de gama m\u00e9dia e alta poder\u00e3o estandardizar-se nos 8 GB de RAM, contrariando a tend\u00eancia de crescimento para os 12 GB que se verificava anteriormente. <\/p>\n<p><a target=\"_blank\" href=\"https:\/\/pplware.sapo.pt\/wp-content\/uploads\/2025\/12\/smartphones_gama_media_2.jpg\" onclick=\"refreshIframe()\" class=\"foobox\" rel=\"nofollow noopener\"><img loading=\"lazy\" decoding=\"async\" src=\"https:\/\/www.europesays.com\/pt\/wp-content\/uploads\/2025\/12\/smartphones_gama_media_2-1024x576.jpg\" alt=\"smartphones RAM gama m\u00e9dia pre\u00e7o\" width=\"720\" height=\"405\" class=\"aligncenter size-large wp-image-1096012\"  \/><\/a><\/p>\n<p>No segmento mais econ\u00f3mico, a situa\u00e7\u00e3o poder\u00e1 ser ainda mais limitativa. Tudo aponta para a possibilidade de um regresso aos 4 GB de mem\u00f3ria. Esta quantidade de RAM, como se ten visto, \u00e9 claramente uma capacidade que come\u00e7a a ser escassa para os padr\u00f5es atuais de utiliza\u00e7\u00e3o.<\/p>\n<p>Impacto no desempenho dos smartphones e no consumidor<\/p>\n<p>Esta estrat\u00e9gia de conten\u00e7\u00e3o de custos por parte das marcas poder\u00e1 comprometer seriamente a experi\u00eancia de utiliza\u00e7\u00e3o. Com as aplica\u00e7\u00f5es modernas e os sistemas operativos a exigirem cada vez mais recursos, uma redu\u00e7\u00e3o na RAM dispon\u00edvel traduz-se, inevitavelmente, numa gest\u00e3o multitarefa menos eficiente e numa maior probabilidade de lentid\u00e3o no processamento. <\/p>\n<p>Para o consumidor, isto significa que o ciclo de vida dos dispositivos poder\u00e1 ser encurtado, uma vez que o hardware ter\u00e1 maiores dificuldades em acompanhar as futuras atualiza\u00e7\u00f5es de software. Assim, a escolha de um smartphone de gama m\u00e9dia equilibrado poder\u00e1 tornar-se uma tarefa mais complexa nos pr\u00f3ximos anos.<\/p>\n","protected":false},"excerpt":{"rendered":"Epera-se que 2026 seja um ano complicado para a ind\u00fastria dos smartphones e dos PCs. A escacez da&hellip;\n","protected":false},"author":2,"featured_media":208956,"comment_status":"","ping_status":"","sticky":false,"template":"","format":"standard","meta":{"footnotes":""},"categories":[84],"tags":[109,107,108,39422,32,10700,33,34828,105,103,104,954,106,110],"class_list":{"0":"post-208955","1":"post","2":"type-post","3":"status-publish","4":"format-standard","5":"has-post-thumbnail","7":"category-ciencia-e-tecnologia","8":"tag-ciencia","9":"tag-ciencia-e-tecnologia","10":"tag-cienciaetecnologia","11":"tag-gama-media","12":"tag-portugal","13":"tag-preco","14":"tag-pt","15":"tag-ram","16":"tag-science","17":"tag-science-and-technology","18":"tag-scienceandtechnology","19":"tag-smartphones","20":"tag-technology","21":"tag-tecnologia"},"share_on_mastodon":{"url":"https:\/\/pubeurope.com\/@pt\/115813240226869241","error":""},"_links":{"self":[{"href":"https:\/\/www.europesays.com\/pt\/wp-json\/wp\/v2\/posts\/208955","targetHints":{"allow":["GET"]}}],"collection":[{"href":"https:\/\/www.europesays.com\/pt\/wp-json\/wp\/v2\/posts"}],"about":[{"href":"https:\/\/www.europesays.com\/pt\/wp-json\/wp\/v2\/types\/post"}],"author":[{"embeddable":true,"href":"https:\/\/www.europesays.com\/pt\/wp-json\/wp\/v2\/users\/2"}],"replies":[{"embeddable":true,"href":"https:\/\/www.europesays.com\/pt\/wp-json\/wp\/v2\/comments?post=208955"}],"version-history":[{"count":0,"href":"https:\/\/www.europesays.com\/pt\/wp-json\/wp\/v2\/posts\/208955\/revisions"}],"wp:featuredmedia":[{"embeddable":true,"href":"https:\/\/www.europesays.com\/pt\/wp-json\/wp\/v2\/media\/208956"}],"wp:attachment":[{"href":"https:\/\/www.europesays.com\/pt\/wp-json\/wp\/v2\/media?parent=208955"}],"wp:term":[{"taxonomy":"category","embeddable":true,"href":"https:\/\/www.europesays.com\/pt\/wp-json\/wp\/v2\/categories?post=208955"},{"taxonomy":"post_tag","embeddable":true,"href":"https:\/\/www.europesays.com\/pt\/wp-json\/wp\/v2\/tags?post=208955"}],"curies":[{"name":"wp","href":"https:\/\/api.w.org\/{rel}","templated":true}]}}