{"id":208961,"date":"2025-12-31T08:47:12","date_gmt":"2025-12-31T08:47:12","guid":{"rendered":"https:\/\/www.europesays.com\/pt\/208961\/"},"modified":"2025-12-31T08:47:12","modified_gmt":"2025-12-31T08:47:12","slug":"dono-de-imperio-de-r-7-bilhoes-astro-celebra-41-anos-com-complexo-de-mansoes-jamais-visto","status":"publish","type":"post","link":"https:\/\/www.europesays.com\/pt\/208961\/","title":{"rendered":"Dono de imp\u00e9rio de R$ 7 bilh\u00f5es, astro celebra 41 anos com complexo de mans\u00f5es jamais visto"},"content":{"rendered":"<p><a href=\"https:\/\/caras.com.br\/tags\/lebron-james\" rel=\"nofollow noopener\" target=\"_blank\"><strong>LeBron James<\/strong><\/a> completa 41 anos nesta ter\u00e7a-feira, 30, vivendo o auge de sua fortuna e seu estilo de vida monumental ao lado da esposa, <strong>Savannah James<\/strong>. O astro do Lakers e empres\u00e1rio foi eleito como o primeiro jogador da NBA <a href=\"https:\/\/caras.com.br\/atualidades\/qual-e-o-salario-de-lebron-james.phtml\" rel=\"nofollow noopener\" target=\"_blank\">bilion\u00e1rio em atividade<\/a>, com uma fortuna estimada em US$ 1,3 bilh\u00e3o, cerca de R$ 7,1 bilh\u00f5es, e celebra o novo ano de vida finalizando um dos projetos mais ambiciosos de Los Angeles: um complexo de mans\u00f5es em Beverly Hills.<\/p>\n<p>Mesmo brilhando nas quadras, LeBron construiu um imp\u00e9rio bilion\u00e1rio diversificando neg\u00f3cios longe do basquete. Ele \u00e9 s\u00f3cio do Fenway Sports Group, conglomerado que administra gigantes do esporte mundial, como o Liverpool FC e o Boston Red Sox. O atleta tamb\u00e9m lucrou milh\u00f5es com a SpringHill Company, sua produtora de entretenimento, e com investimentos estrat\u00e9gicos iniciais na rede Blaze Pizza, rejeitando contratos de fast-food tradicionais para apostar em equity.<\/p>\n<p>Embora o patrim\u00f4nio continue em expans\u00e3o, a maneira como o astro administra seus im\u00f3veis segue despertando curiosidade. O exemplo mais emblem\u00e1tico \u00e9 o terreno em Beverly Hills, comprado por US$ 36,75 milh\u00f5es. Em outubro deste ano, o portal Casa e Jardim confirmou que o projeto ganhou novos contornos: LeBron demoliu a mans\u00e3o hist\u00f3rica original para erguer duas novas resid\u00eancias independentes no mesmo lote, transformando o local em uma fortaleza familiar.<\/p>\n<p> <img loading=\"lazy\" decoding=\"async\" class=\"wp-image-1051426 size-full img-fluid lazy\" alt=\"\" width=\"1920\" height=\"1080\" src=\"https:\/\/www.europesays.com\/pt\/wp-content\/uploads\/2025\/12\/LeBron-James.jpg\"  \/>LeBron James \u2013 Foto: gettyimages Fortaleza dupla <\/p>\n<p>De acordo com as reportagens, o casal optou por dividir o terreno gigantesco para criar estruturas com prop\u00f3sitos distintos. A resid\u00eancia principal ser\u00e1 ocupada por LeBron e Savannah, enquanto a segunda mans\u00e3o, erguida no mesmo per\u00edmetro, servir\u00e1 como \u00e1rea de lazer e entretenimento, com rumores indicando que tamb\u00e9m funcionar\u00e1 como casa para seu filho mais velho, <strong>Bronny James<\/strong>.<\/p>\n<p><strong>Leia tamb\u00e9m<\/strong>: <a href=\"https:\/\/caras.com.br\/esporte\/lebron-james-tem-momento-historico-ao-jogar-com-o-filho-na-nba.phtml\" rel=\"nofollow noopener\" target=\"_blank\">LeBron James tem momento hist\u00f3rico ao jogar com o filho na NBA<\/a><\/p>\n<p>Projetada com tecnologias sustent\u00e1veis, a propriedade conta com t\u00faneis de servi\u00e7o subterr\u00e2neos, quadra de t\u00eanis, cinema e simulador de golfe. Para um bilion\u00e1rio que ainda compete em alto n\u00edvel, esse montante comp\u00f5e uma estrat\u00e9gia de ref\u00fagio e recupera\u00e7\u00e3o f\u00edsica, e n\u00e3o simplesmente um gesto de ostenta\u00e7\u00e3o.<\/p>\n<p> <img decoding=\"async\" src=\"https:\/\/www.europesays.com\/pt\/wp-content\/uploads\/2025\/12\/Mansao-dupla-de-LeBron-James-3.jpg\" class=\"img-fluid lazy\"\/><\/p>\n<p>Mans\u00e3o dupla de LeBron James \u2013 Foto: Divulga\u00e7\u00e3o<\/p>\n<p>    <img decoding=\"async\" src=\"https:\/\/www.europesays.com\/pt\/wp-content\/uploads\/2025\/12\/Mansao-dupla-de-LeBron-James-2.jpg\" class=\"img-fluid lazy\"\/><\/p>\n<p>Mans\u00e3o dupla de LeBron James \u2013 Foto: Divulga\u00e7\u00e3o<\/p>\n<p>    <img decoding=\"async\" src=\"https:\/\/www.europesays.com\/pt\/wp-content\/uploads\/2025\/12\/Mansao-dupla-de-LeBron-James-1.jpg\" class=\"img-fluid lazy\"\/><\/p>\n<p>Mans\u00e3o dupla de LeBron James \u2013 Foto: Divulga\u00e7\u00e3o<\/p>\n<p>                        Previous<\/p>\n<p>                        Next<br \/>\n                     Cole\u00e7\u00e3o real <\/p>\n<p>Al\u00e9m do mercado imobili\u00e1rio, o astro tamb\u00e9m chama a aten\u00e7\u00e3o pela curadoria de seus bens pessoais. Segundo apurou o portal Lakers Brasil em agosto, a cole\u00e7\u00e3o de itens luxuosos de LeBron vai muito al\u00e9m dos carros esportivos. Embora sua garagem ostente m\u00e1quinas como um Lamborghini Aventador Roadster personalizado e um Porsche 918 Spyder, \u00e9 na alta relojoaria que ele investe pesado.<\/p>\n<p>O atleta \u00e9 frequentemente visto com pe\u00e7as exclusivas de marcas como Patek Philippe, Audemars Piguet e Richard Mille, cujos valores unit\u00e1rios podem ultrapassar a casa dos milh\u00f5es de reais. A ostenta\u00e7\u00e3o calculada tamb\u00e9m se estende \u00e0 sua adega: LeBron \u00e9 um conhecedor \u00e1vido de vinhos franceses e italianos de safras raras, transformando seu hobby em mais um bra\u00e7o de seu estilo de vida sofisticado.<\/p>\n<p>\t Fam\u00edlia e legado <\/p>\n<p>Casado com Savannah James, o astro \u00e9 pai de Bronny, Bryce e Zhuri. O legado da fam\u00edlia nas quadras est\u00e1 garantido: Bronny j\u00e1 segue os passos do pai na NBA, enquanto Bryce desponta como a pr\u00f3xima promessa do basquete.<\/p>\n<p><strong>CONFIRA PUBLICA\u00c7\u00c3O RECENTE DA CARAS BRASIL NAS\u00a0<a href=\"https:\/\/www.instagram.com\/carasbrasil\/\" rel=\"nofollow noopener\" target=\"_blank\">REDES SOCIAIS:<\/a><\/strong><\/p>\n<blockquote class=\"instagram-media\" style=\"background: #FFF; border: 0; border-radius: 3px; box-shadow: 0 0 1px 0 rgba(0,0,0,0.5),0 1px 10px 0 rgba(0,0,0,0.15); margin: 1px; max-width: 540px; min-width: 326px; padding: 0; width: calc(100% - 2px);\" data-instgrm-permalink=\"https:\/\/www.instagram.com\/p\/DSshqJqkqZX\/?utm_source=ig_embed&amp;utm_campaign=loading\" data-instgrm-version=\"14\"><\/blockquote>\n<p>\t                                            <script async src=\"\/\/www.instagram.com\/embed.js\"><\/script><\/p>\n","protected":false},"excerpt":{"rendered":"LeBron James completa 41 anos nesta ter\u00e7a-feira, 30, vivendo o auge de sua fortuna e seu estilo de&hellip;\n","protected":false},"author":2,"featured_media":208962,"comment_status":"","ping_status":"","sticky":false,"template":"","format":"standard","meta":{"footnotes":""},"categories":[145],"tags":[41077,211,210,114,115,20460,41078,32,33,41079],"class_list":{"0":"post-208961","1":"post","2":"type-post","3":"status-publish","4":"format-standard","5":"has-post-thumbnail","7":"category-celebridades","8":"tag-bronny-james","9":"tag-celebridades","10":"tag-celebrities","11":"tag-entertainment","12":"tag-entretenimento","13":"tag-fortuna","14":"tag-lebron-james","15":"tag-portugal","16":"tag-pt","17":"tag-savannah-james"},"share_on_mastodon":{"url":"https:\/\/pubeurope.com\/@pt\/115813314981961191","error":""},"_links":{"self":[{"href":"https:\/\/www.europesays.com\/pt\/wp-json\/wp\/v2\/posts\/208961","targetHints":{"allow":["GET"]}}],"collection":[{"href":"https:\/\/www.europesays.com\/pt\/wp-json\/wp\/v2\/posts"}],"about":[{"href":"https:\/\/www.europesays.com\/pt\/wp-json\/wp\/v2\/types\/post"}],"author":[{"embeddable":true,"href":"https:\/\/www.europesays.com\/pt\/wp-json\/wp\/v2\/users\/2"}],"replies":[{"embeddable":true,"href":"https:\/\/www.europesays.com\/pt\/wp-json\/wp\/v2\/comments?post=208961"}],"version-history":[{"count":0,"href":"https:\/\/www.europesays.com\/pt\/wp-json\/wp\/v2\/posts\/208961\/revisions"}],"wp:featuredmedia":[{"embeddable":true,"href":"https:\/\/www.europesays.com\/pt\/wp-json\/wp\/v2\/media\/208962"}],"wp:attachment":[{"href":"https:\/\/www.europesays.com\/pt\/wp-json\/wp\/v2\/media?parent=208961"}],"wp:term":[{"taxonomy":"category","embeddable":true,"href":"https:\/\/www.europesays.com\/pt\/wp-json\/wp\/v2\/categories?post=208961"},{"taxonomy":"post_tag","embeddable":true,"href":"https:\/\/www.europesays.com\/pt\/wp-json\/wp\/v2\/tags?post=208961"}],"curies":[{"name":"wp","href":"https:\/\/api.w.org\/{rel}","templated":true}]}}