{"id":208984,"date":"2025-12-31T09:28:12","date_gmt":"2025-12-31T09:28:12","guid":{"rendered":"https:\/\/www.europesays.com\/pt\/208984\/"},"modified":"2025-12-31T09:28:12","modified_gmt":"2025-12-31T09:28:12","slug":"governo-substitui-atual-administracao-da-uls-de-sao-jose-por-militante-do-psd","status":"publish","type":"post","link":"https:\/\/www.europesays.com\/pt\/208984\/","title":{"rendered":"Governo substitui atual administra\u00e7\u00e3o da ULS de S\u00e3o Jos\u00e9 por militante do PSD"},"content":{"rendered":"<p>O Governo decidiu substituir o Conselho de Administra\u00e7\u00e3o da Unidade Local de Sa\u00fade (LS) de S\u00e3o Jos\u00e9, avan\u00e7a o <a aria-label=\"content\" target=\"_blank\" href=\"https:\/\/observador.pt\/2025\/12\/30\/governo-afasta-administracao-da-uls-de-sao-jose-e-escolhe-militante-do-psd-para-o-lugar-ha-outras-substituicoes-na-calha\/#\" rel=\"nofollow noopener\">Observador<\/a>, que cita a ainda presidente da ULS.<\/p>\n<p>Rosa Valente de Matos ser\u00e1 substitu\u00edda, a partir de 2026, por Miguel Paiva, militante do PSD.<\/p>\n<p>&#8220;N\u00e3o me foi dada nenhuma justifica\u00e7\u00e3o, foi uma vontade do Governo e da Dire\u00e7\u00e3o Executiva do SNS&#8221;, afirmou a respons\u00e1vel, de sa\u00edda da lideran\u00e7a da maior ULS da zona de Lisboa depois de seis anos no cargo. <\/p>\n<p>Rosa Valente de Matos, militante socialista e membro do Secretariado Nacional do PS, conta que pediu uma reuni\u00e3o \u00e0 ministra da Sa\u00fade, Ana Paula Martins, que lhe comunicou que n\u00e3o iria continuar.<\/p>\n<p>O seu sucessor, Miguel Paiva, preside atualmente a ULS de Entre Douro e Vouga (com sede em Santa Maria da Feira), j\u00e1 foi presidente da concelhia do PSD de Vila do Conde e liderou, nas \u00faltimas elei\u00e7\u00f5es aut\u00e1rquicas, a candidatura da coliga\u00e7\u00e3o PSD\/CDS \u00e0 Assembleia Municipal daquele concelho do distrito do Porto. Segundo o Observador, trata-se de uma escolha conjunta do primeiro-ministro, Lu\u00eds Montenegro, e do diretor-executivo do SNS, \u00c1lvaro Almeida, a quem cabe indicar a composi\u00e7\u00e3o dos Conselhos de Administra\u00e7\u00e3o das 39 ULS e dos tr\u00eas IPO do pa\u00eds.<\/p>\n<p>Esta n\u00e3o ser\u00e1 a \u00fanica altera\u00e7\u00e3o na lideran\u00e7a de um Conselho de Administra\u00e7\u00e3o de uma ULS. Outra ULS que sofrer\u00e1 mudan\u00e7as ser\u00e1 a de Coimbra, a maior do pa\u00eds e atualmente liderada pelo experiente Alexandre Louren\u00e7o, o uma not\u00edcia que est\u00e1 a ser recebida com surpresa no meio hospitalar, ainda que o pr\u00f3prio tenha dito ao Observador n\u00e3o ter recebido nenhuma indica\u00e7\u00e3o sobre a sua continuidade ou sa\u00edda.<\/p>\n<p>Tamb\u00e9m os presidentes das ULS do Nordeste e de Matosinhos n\u00e3o ser\u00e3o reconduzidos nos cargos. O primeiro devido ao facto de o atual presidente, Carlos Alberto Vaz, de 70 anos, ter atingido o limite de idade. O segundo por limita\u00e7\u00e3o de mandatos do presidente, Ant\u00f3nio Taveira Gomes, que cumpre o terceiro mandato.<\/p>\n","protected":false},"excerpt":{"rendered":"O Governo decidiu substituir o Conselho de Administra\u00e7\u00e3o da Unidade Local de Sa\u00fade (LS) de S\u00e3o Jos\u00e9, avan\u00e7a&hellip;\n","protected":false},"author":2,"featured_media":208985,"comment_status":"","ping_status":"","sticky":false,"template":"","format":"standard","meta":{"footnotes":""},"categories":[8],"tags":[27,28,15,16,301,14,25,26,21,22,12,13,19,20,32,23,24,33,117,17,18,33705,29,30,31],"class_list":{"0":"post-208984","1":"post","2":"type-post","3":"status-publish","4":"format-standard","5":"has-post-thumbnail","7":"category-principais-noticias","8":"tag-breaking-news","9":"tag-breakingnews","10":"tag-featured-news","11":"tag-featurednews","12":"tag-governo","13":"tag-headlines","14":"tag-latest-news","15":"tag-latestnews","16":"tag-main-news","17":"tag-mainnews","18":"tag-news","19":"tag-noticias","20":"tag-noticias-principais","21":"tag-noticiasprincipais","22":"tag-portugal","23":"tag-principais-noticias","24":"tag-principaisnoticias","25":"tag-pt","26":"tag-saude","27":"tag-top-stories","28":"tag-topstories","29":"tag-uls-sao-jose","30":"tag-ultimas","31":"tag-ultimas-noticias","32":"tag-ultimasnoticias"},"share_on_mastodon":{"url":"https:\/\/pubeurope.com\/@pt\/115813476480521574","error":""},"_links":{"self":[{"href":"https:\/\/www.europesays.com\/pt\/wp-json\/wp\/v2\/posts\/208984","targetHints":{"allow":["GET"]}}],"collection":[{"href":"https:\/\/www.europesays.com\/pt\/wp-json\/wp\/v2\/posts"}],"about":[{"href":"https:\/\/www.europesays.com\/pt\/wp-json\/wp\/v2\/types\/post"}],"author":[{"embeddable":true,"href":"https:\/\/www.europesays.com\/pt\/wp-json\/wp\/v2\/users\/2"}],"replies":[{"embeddable":true,"href":"https:\/\/www.europesays.com\/pt\/wp-json\/wp\/v2\/comments?post=208984"}],"version-history":[{"count":0,"href":"https:\/\/www.europesays.com\/pt\/wp-json\/wp\/v2\/posts\/208984\/revisions"}],"wp:featuredmedia":[{"embeddable":true,"href":"https:\/\/www.europesays.com\/pt\/wp-json\/wp\/v2\/media\/208985"}],"wp:attachment":[{"href":"https:\/\/www.europesays.com\/pt\/wp-json\/wp\/v2\/media?parent=208984"}],"wp:term":[{"taxonomy":"category","embeddable":true,"href":"https:\/\/www.europesays.com\/pt\/wp-json\/wp\/v2\/categories?post=208984"},{"taxonomy":"post_tag","embeddable":true,"href":"https:\/\/www.europesays.com\/pt\/wp-json\/wp\/v2\/tags?post=208984"}],"curies":[{"name":"wp","href":"https:\/\/api.w.org\/{rel}","templated":true}]}}