{"id":208994,"date":"2025-12-31T09:41:16","date_gmt":"2025-12-31T09:41:16","guid":{"rendered":"https:\/\/www.europesays.com\/pt\/208994\/"},"modified":"2025-12-31T09:41:16","modified_gmt":"2025-12-31T09:41:16","slug":"tem-um-cartao-de-cidadao-emitido-antes-de-2021-provavelmente-vai-ter-de-o-renovar-mais-cedo","status":"publish","type":"post","link":"https:\/\/www.europesays.com\/pt\/208994\/","title":{"rendered":"Tem um Cart\u00e3o de Cidad\u00e3o emitido antes de 2021? Provavelmente, vai ter de o renovar mais cedo"},"content":{"rendered":"<p>\n  De&amp;nbsp<b>Euronews<\/b>\n<\/p>\n<p>\n         Publicado a<br \/>\n            30\/12\/2025 &#8211; 19:34 GMT+1\n            <\/p>\n<p>Milhares de portugueses v\u00e3o ser obrigados a <strong>renovar o Cart\u00e3o de Cidad\u00e3o mais cedo do que a data de validade inscrita no documento<\/strong>, na sequ\u00eancia da entrada em vigor de novas regras europeias que imp\u00f5em requisitos tecnol\u00f3gicos refor\u00e7ados aos documentos de identifica\u00e7\u00e3o.<\/p>\n<p>As <strong>novas normas afetam sobretudo os Cart\u00f5es de Cidad\u00e3o emitidos antes de 2021<\/strong>, que poder\u00e3o deixar de ser aceites progressivamente, mesmo que ainda estejam formalmente v\u00e1lidos. A obrigatoriedade resulta da transi\u00e7\u00e3o para um modelo tecnol\u00f3gico uniforme na UE e n\u00e3o \u00e9 opcional nem gradual, implicando a renova\u00e7\u00e3o antecipada do documento para todos os cidad\u00e3os abrangidos.<\/p>\n<p>Em causa est\u00e1 o Regulamento (UE) 2025\/1208, que define novos padr\u00f5es de seguran\u00e7a, interoperabilidade e leitura eletr\u00f3nica comuns a todos os Estados-Membros da Uni\u00e3o Europeia.<\/p>\n<p>De acordo com o enquadramento definido pelas autoridades europeias, as novas regras exigem a presen\u00e7a de dois elementos tecnol\u00f3gicos: a <strong>zona de leitura \u00f3tica (MRZ)<\/strong> e um <strong>chip contactless com dados biom\u00e9tricos<\/strong>. Cart\u00f5es sem estes componentes perdem validade legal, por etapas, at\u00e9 2031.<\/p>\n<p>Os prazos para renova\u00e7\u00e3o tamb\u00e9m j\u00e1 est\u00e3o estabelecidos. Segundo o Instituto dos Registos e do Notariado, os <strong>cart\u00f5es sem MRZ devem ser renovados at\u00e9 3 de agosto de 2026<\/strong>. J\u00e1 os que t\u00eam MRZ mas <strong>n\u00e3o t\u00eam chip contactless s\u00e3o v\u00e1lidos at\u00e9 3 de agosto de 2031<\/strong>, data-limite para a sua substitui\u00e7\u00e3o.<\/p>\n<p>Mas h\u00e1 uma exce\u00e7\u00e3o prevista no regulamento. Os <strong>cidad\u00e3os que tinham 70 anos ou mais a 2 de agosto de 2021<\/strong> e que sejam titulares de um Cart\u00e3o de Cidad\u00e3o com MRZ podem continuar a utiliz\u00e1-lo at\u00e9 ao termo da validade inscrita, sem necessidade de renova\u00e7\u00e3o antecipada.<\/p>\n<p>Em junho de 2024, Portugal passou a emitir Cart\u00f5es de Cidad\u00e3o com um chip de dupla interface, elementos gr\u00e1ficos de alta seguran\u00e7a e sistemas de verifica\u00e7\u00e3o biom\u00e9trica facial e dactilosc\u00f3pica, alinhados com os padr\u00f5es europeus agora exigidos.<\/p>\n<p>Estas altera\u00e7\u00f5es inserem-se na prepara\u00e7\u00e3o da <strong>futura Carteira Europeia de Identidade Digital<\/strong>, que permitir\u00e1 aos cidad\u00e3os utilizarem o Cart\u00e3o de Cidad\u00e3o portugu\u00eas como chave digital reconhecida em qualquer Estado-Membro da Uni\u00e3o Europeia, tanto para identifica\u00e7\u00e3o presencial como em servi\u00e7os digitais.<\/p>\n<p>A renova\u00e7\u00e3o do documento \u00fanico pode ser efetuada online, nos balc\u00f5es de atendimento presencial ou atrav\u00e9s de servi\u00e7o externo, destinado a cidad\u00e3os com mobilidade reduzida.<\/p>\n","protected":false},"excerpt":{"rendered":"De&amp;nbspEuronews Publicado a 30\/12\/2025 &#8211; 19:34 GMT+1 Milhares de portugueses v\u00e3o ser obrigados a renovar o Cart\u00e3o de&hellip;\n","protected":false},"author":2,"featured_media":208995,"comment_status":"","ping_status":"","sticky":false,"template":"","format":"standard","meta":{"footnotes":""},"categories":[10],"tags":[27,28,15,16,11313,14,25,26,21,22,12,13,19,20,14538,32,23,24,33,17,18,29,30,31,636],"class_list":{"0":"post-208994","1":"post","2":"type-post","3":"status-publish","4":"format-standard","5":"has-post-thumbnail","7":"category-portugal","8":"tag-breaking-news","9":"tag-breakingnews","10":"tag-featured-news","11":"tag-featurednews","12":"tag-fronteiras","13":"tag-headlines","14":"tag-latest-news","15":"tag-latestnews","16":"tag-main-news","17":"tag-mainnews","18":"tag-news","19":"tag-noticias","20":"tag-noticias-principais","21":"tag-noticiasprincipais","22":"tag-politica-portuguesa","23":"tag-portugal","24":"tag-principais-noticias","25":"tag-principaisnoticias","26":"tag-pt","27":"tag-top-stories","28":"tag-topstories","29":"tag-ultimas","30":"tag-ultimas-noticias","31":"tag-ultimasnoticias","32":"tag-uniao-europeia"},"share_on_mastodon":{"url":"https:\/\/pubeurope.com\/@pt\/115813527259808023","error":""},"_links":{"self":[{"href":"https:\/\/www.europesays.com\/pt\/wp-json\/wp\/v2\/posts\/208994","targetHints":{"allow":["GET"]}}],"collection":[{"href":"https:\/\/www.europesays.com\/pt\/wp-json\/wp\/v2\/posts"}],"about":[{"href":"https:\/\/www.europesays.com\/pt\/wp-json\/wp\/v2\/types\/post"}],"author":[{"embeddable":true,"href":"https:\/\/www.europesays.com\/pt\/wp-json\/wp\/v2\/users\/2"}],"replies":[{"embeddable":true,"href":"https:\/\/www.europesays.com\/pt\/wp-json\/wp\/v2\/comments?post=208994"}],"version-history":[{"count":0,"href":"https:\/\/www.europesays.com\/pt\/wp-json\/wp\/v2\/posts\/208994\/revisions"}],"wp:featuredmedia":[{"embeddable":true,"href":"https:\/\/www.europesays.com\/pt\/wp-json\/wp\/v2\/media\/208995"}],"wp:attachment":[{"href":"https:\/\/www.europesays.com\/pt\/wp-json\/wp\/v2\/media?parent=208994"}],"wp:term":[{"taxonomy":"category","embeddable":true,"href":"https:\/\/www.europesays.com\/pt\/wp-json\/wp\/v2\/categories?post=208994"},{"taxonomy":"post_tag","embeddable":true,"href":"https:\/\/www.europesays.com\/pt\/wp-json\/wp\/v2\/tags?post=208994"}],"curies":[{"name":"wp","href":"https:\/\/api.w.org\/{rel}","templated":true}]}}