{"id":209004,"date":"2025-12-31T09:57:17","date_gmt":"2025-12-31T09:57:17","guid":{"rendered":"https:\/\/www.europesays.com\/pt\/209004\/"},"modified":"2025-12-31T09:57:17","modified_gmt":"2025-12-31T09:57:17","slug":"liga-samu-bisa-e-entra-para-o-podio-da-lista-dos-melhores-marcadores","status":"publish","type":"post","link":"https:\/\/www.europesays.com\/pt\/209004\/","title":{"rendered":"Liga: Samu bisa e entra para o p\u00f3dio da lista dos melhores marcadores"},"content":{"rendered":"<p>Samu, jogador do FC Porto, continua em boa forma e voltou a mostr\u00e1-lo na noite desta segunda-feira.<\/p>\n<p>Frente ao AVS, <a href=\"https:\/\/maisfutebol.iol.pt\/liga\/fc-porto\/fc-porto-avs-2-0-destaques\" target=\"_blank\" rel=\"nofollow noopener\">o espanhol marcou os dois golos<\/a> do <a href=\"https:\/\/maisfutebol.iol.pt\/liga\/fc-porto\/fc-porto-avs-2-0-cronica\" target=\"_blank\" rel=\"nofollow noopener\">triunfo dos drag\u00f5es frente ao AVS<\/a> e atingiu os 11 tentos no Campeonato Nacional. Samu alcan\u00e7ou assim o terceiro lugar na lista dos melhores marcadores, uma classifica\u00e7\u00e3o liderada por Pavlidis (Benfica) e Su\u00e1rez (Sporting), ambos com 14 golos marcados.<\/p>\n<p><strong>Confira a lista de melhores marcadores do campeonato:<\/strong><\/p>\n<p><strong>14 golos:<\/strong>\u00a0Pavlidis (Benfica) e Luis Su\u00e1rez (Sporting).<\/p>\n<p><strong>Onze golos:<\/strong>\u00a0Samu (FC Porto).<\/p>\n<p><strong>Dez golos:\u00a0<\/strong>Clayton (Rio Ave) e Pablo (Gil Vicente).<\/p>\n<p><strong>Nove golos:\u00a0<\/strong>Pote (Sporting) e Chuchu Ram\u00edrez (Nacional).<\/p>\n<p><strong>Oito golos:\u00a0<\/strong>Schettine (Moreirense) e Begraoui (Estoril).<\/p>\n<p><strong>Seis golos:\u00a0<\/strong>Ricardo Horta (Sp. Braga).<\/p>\n","protected":false},"excerpt":{"rendered":"Samu, jogador do FC Porto, continua em boa forma e voltou a mostr\u00e1-lo na noite desta segunda-feira. Frente&hellip;\n","protected":false},"author":2,"featured_media":209005,"comment_status":"","ping_status":"","sticky":false,"template":"","format":"standard","meta":{"footnotes":""},"categories":[8],"tags":[51,27,28,282,15,16,14,25,26,36,21,22,46,41088,12,13,19,20,7931,32,23,24,33,47,7930,34,38,17,18,29,30,31],"class_list":{"0":"post-209004","1":"post","2":"type-post","3":"status-publish","4":"format-standard","5":"has-post-thumbnail","7":"category-principais-noticias","8":"tag-benfica","9":"tag-breaking-news","10":"tag-breakingnews","11":"tag-fc-porto","12":"tag-featured-news","13":"tag-featurednews","14":"tag-headlines","15":"tag-latest-news","16":"tag-latestnews","17":"tag-liga","18":"tag-main-news","19":"tag-mainnews","20":"tag-maisfutebol","21":"tag-melhores-marcadores","22":"tag-news","23":"tag-noticias","24":"tag-noticias-principais","25":"tag-noticiasprincipais","26":"tag-pavlidis","27":"tag-portugal","28":"tag-principais-noticias","29":"tag-principaisnoticias","30":"tag-pt","31":"tag-pura-paixao","32":"tag-samu","33":"tag-sporting","34":"tag-suarez","35":"tag-top-stories","36":"tag-topstories","37":"tag-ultimas","38":"tag-ultimas-noticias","39":"tag-ultimasnoticias"},"share_on_mastodon":{"url":"https:\/\/pubeurope.com\/@pt\/115813590208884071","error":""},"_links":{"self":[{"href":"https:\/\/www.europesays.com\/pt\/wp-json\/wp\/v2\/posts\/209004","targetHints":{"allow":["GET"]}}],"collection":[{"href":"https:\/\/www.europesays.com\/pt\/wp-json\/wp\/v2\/posts"}],"about":[{"href":"https:\/\/www.europesays.com\/pt\/wp-json\/wp\/v2\/types\/post"}],"author":[{"embeddable":true,"href":"https:\/\/www.europesays.com\/pt\/wp-json\/wp\/v2\/users\/2"}],"replies":[{"embeddable":true,"href":"https:\/\/www.europesays.com\/pt\/wp-json\/wp\/v2\/comments?post=209004"}],"version-history":[{"count":0,"href":"https:\/\/www.europesays.com\/pt\/wp-json\/wp\/v2\/posts\/209004\/revisions"}],"wp:featuredmedia":[{"embeddable":true,"href":"https:\/\/www.europesays.com\/pt\/wp-json\/wp\/v2\/media\/209005"}],"wp:attachment":[{"href":"https:\/\/www.europesays.com\/pt\/wp-json\/wp\/v2\/media?parent=209004"}],"wp:term":[{"taxonomy":"category","embeddable":true,"href":"https:\/\/www.europesays.com\/pt\/wp-json\/wp\/v2\/categories?post=209004"},{"taxonomy":"post_tag","embeddable":true,"href":"https:\/\/www.europesays.com\/pt\/wp-json\/wp\/v2\/tags?post=209004"}],"curies":[{"name":"wp","href":"https:\/\/api.w.org\/{rel}","templated":true}]}}