{"id":209008,"date":"2025-12-31T10:01:08","date_gmt":"2025-12-31T10:01:08","guid":{"rendered":"https:\/\/www.europesays.com\/pt\/209008\/"},"modified":"2025-12-31T10:01:08","modified_gmt":"2025-12-31T10:01:08","slug":"emocionante-voz-declara-se-aos-concorrentes-e-estas-sao-as-reacoes-secret-story","status":"publish","type":"post","link":"https:\/\/www.europesays.com\/pt\/209008\/","title":{"rendered":"Emocionante. Voz declara-se aos concorrentes e estas s\u00e3o as rea\u00e7\u00f5es &#8211; Secret Story"},"content":{"rendered":"<p>No Secret Story 9, a Voz declara-se aos quatro finalistas. O momento foi emocionante, veja a rea\u00e7\u00e3o dos concorrentes.\u00a0<\/p>\n<p><strong>A decis\u00e3o est\u00e1 nas suas m\u00e3os! Vote j\u00e1 no seu concorrente favorito atrav\u00e9s da app TVI Reality ou das linhas telef\u00f3nicas:<\/strong><\/p>\n<p><strong>IN\u00caS &#8211; 761 20 20 10<br \/>LILIANA &#8211; 761 20 20 14<br \/>MARISA &#8211; 761 20 20 16<br \/>PEDRO &#8211; 761 20 20 18<\/strong><\/p>\n<p><strong><a href=\"https:\/\/tvi.iol.pt\/secretstory\/aominuto\" wbo-id=\"32\" rel=\"nofollow noopener\" target=\"_blank\">Veja aqui tudo o que se passa na casa do Secret Story 9<\/a><\/strong><\/p>\n","protected":false},"excerpt":{"rendered":"No Secret Story 9, a Voz declara-se aos quatro finalistas. O momento foi emocionante, veja a rea\u00e7\u00e3o dos&hellip;\n","protected":false},"author":2,"featured_media":209009,"comment_status":"","ping_status":"","sticky":false,"template":"","format":"standard","meta":{"footnotes":""},"categories":[142],"tags":[114,115,15353,19016,19184,18800,14646,32,33,151,162,18801],"class_list":{"0":"post-209008","1":"post","2":"type-post","3":"status-publish","4":"format-standard","5":"has-post-thumbnail","7":"category-tv","8":"tag-entertainment","9":"tag-entretenimento","10":"tag-ines","11":"tag-liliana","12":"tag-marisa","13":"tag-momentos-virais-secret-story","14":"tag-pedro","15":"tag-portugal","16":"tag-pt","17":"tag-tv","18":"tag-tvi","19":"tag-videos-virais-concorrentes"},"share_on_mastodon":{"url":"https:\/\/pubeurope.com\/@pt\/115813605837622791","error":""},"_links":{"self":[{"href":"https:\/\/www.europesays.com\/pt\/wp-json\/wp\/v2\/posts\/209008","targetHints":{"allow":["GET"]}}],"collection":[{"href":"https:\/\/www.europesays.com\/pt\/wp-json\/wp\/v2\/posts"}],"about":[{"href":"https:\/\/www.europesays.com\/pt\/wp-json\/wp\/v2\/types\/post"}],"author":[{"embeddable":true,"href":"https:\/\/www.europesays.com\/pt\/wp-json\/wp\/v2\/users\/2"}],"replies":[{"embeddable":true,"href":"https:\/\/www.europesays.com\/pt\/wp-json\/wp\/v2\/comments?post=209008"}],"version-history":[{"count":0,"href":"https:\/\/www.europesays.com\/pt\/wp-json\/wp\/v2\/posts\/209008\/revisions"}],"wp:featuredmedia":[{"embeddable":true,"href":"https:\/\/www.europesays.com\/pt\/wp-json\/wp\/v2\/media\/209009"}],"wp:attachment":[{"href":"https:\/\/www.europesays.com\/pt\/wp-json\/wp\/v2\/media?parent=209008"}],"wp:term":[{"taxonomy":"category","embeddable":true,"href":"https:\/\/www.europesays.com\/pt\/wp-json\/wp\/v2\/categories?post=209008"},{"taxonomy":"post_tag","embeddable":true,"href":"https:\/\/www.europesays.com\/pt\/wp-json\/wp\/v2\/tags?post=209008"}],"curies":[{"name":"wp","href":"https:\/\/api.w.org\/{rel}","templated":true}]}}