{"id":209054,"date":"2025-12-31T11:03:08","date_gmt":"2025-12-31T11:03:08","guid":{"rendered":"https:\/\/www.europesays.com\/pt\/209054\/"},"modified":"2025-12-31T11:03:08","modified_gmt":"2025-12-31T11:03:08","slug":"ces-2026-ia-robotica-e-chips-em-destaque-na-maior-feira-de-tecnologia-do-mundo-inovacao","status":"publish","type":"post","link":"https:\/\/www.europesays.com\/pt\/209054\/","title":{"rendered":"CES 2026: IA, rob\u00f3tica e chips em destaque na maior feira de tecnologia do mundo | Inova\u00e7\u00e3o"},"content":{"rendered":"<p>A menos de uma semana da feira anual de electr\u00f3nica de consumo (em ingl\u00eas CES, Consumer Electronics Show), um dos maiores eventos de tecnologia do mundo, reunimos algumas previs\u00f5es, novidades e tend\u00eancias que prometem marcar a edi\u00e7\u00e3o de 2026. A feira acontecer\u00e1 entre os dias 6 e 9 de Janeiro de 2026 em Las Vegas, nos Estados Unidos.<\/p>\n<p>Avan\u00e7os na intelig\u00eancia artificial (IA), ciberseguran\u00e7a, sa\u00fade digital, rob\u00f3tica, sustentabilidade, tecnologia autom\u00f3vel e mobilidade s\u00e3o alguns dos temas destacados pela organiza\u00e7\u00e3o. Durante o evento, empresas de todo o mundo v\u00e3o mostrar as inova\u00e7\u00f5es que ir\u00e3o definir a tecnologia nos pr\u00f3ximos anos.<\/p>\n<p>\u00c0 medida que o evento se aproxima, come\u00e7am a surgir an\u00fancios e detalhes mais concretos sobre o que esperar de diversas empresas. A <a href=\"https:\/\/www.ces.tech\/schedule\/\" target=\"_blank\" rel=\"nofollow noopener\">programa\u00e7\u00e3o dispon\u00edvel online <\/a>tamb\u00e9m revela que personalidades e l\u00edderes da ind\u00fastria ir\u00e3o\u200b discursar. Apesar de a abertura oficial de portas ser no dia 6, nos dois dias anteriores j\u00e1 haver\u00e1 confer\u00eancias exclusivas e alguns eventos paralelos.<\/p>\n<p>A IA \u00e9 transversal a quase todos os t\u00f3picos do CES 2026: a confer\u00eancia inclui in\u00fameras sess\u00f5es dedicadas a como a tecnologia est\u00e1 a transformar produtos e servi\u00e7os, tanto no quotidiano como na ind\u00fastria.<\/p>\n<p>        &#13;<\/p>\n<p>&#13;<br \/>\n                &#13;\n            <\/p>\n<p>&#13;<\/p>\n<p>Na segunda-feira, 5 de Janeiro, realiza-se uma confer\u00eancia de imprensa com Jensen Huang, fundador e CEO da Nvidia, onde ser\u00e3o apresentadas as mais recentes solu\u00e7\u00f5es de inova\u00e7\u00e3o e produtividade da empresa. No mesmo dia, Lisa Su, CEO da AMD, uma das principais fabricantes norte-americanas de processadores, subir\u00e1 ao palco para o seu discurso, no qual partilhar\u00e1 a sua vis\u00e3o estrat\u00e9gica para o desenvolvimento de solu\u00e7\u00f5es de intelig\u00eancia artificial.<\/p>\n<p>J\u00e1 no primeiro dia oficial do evento, 6 de Janeiro, a Lenovo ocupar\u00e1 a <a href=\"https:\/\/www.publico.pt\/2023\/10\/02\/culturaipsilon\/noticia\/deslumbrante-cair-queixo-futuro-concertos-comecou-esfera-u2-2065275\" rel=\"nofollow noopener\" target=\"_blank\">Las Vegas Sphere<\/a> para a apresenta\u00e7\u00e3o do CEO Yuanqing Yang, que falar\u00e1 sobre como a IA est\u00e1 a transformar a forma como vivemos, trabalhamos e nos divertimos.<\/p>\n<p>O duelo LG vs. Samsung<\/p>\n<p>A LG e a <a href=\"https:\/\/www.publico.pt\/2025\/10\/22\/enter\/noticia\/samsung-galaxy-xr-analisam-mundo-atraves-inteligencia-artificial-2151744\" target=\"_blank\" rel=\"nofollow noopener\">Samsung <\/a>j\u00e1 revelaram algumas das novidades que ser\u00e3o oficialmente lan\u00e7adas durante a feira de tecnologia. A LG vai estrear a <a href=\"https:\/\/www.lg.com\/us\/press-release\/lg-micro-rgb-evo-lgs-most-advanced-lcd-tv-powered-by-the-precision-of-oleds-ai-processor\" target=\"_blank\" rel=\"nofollow noopener\">Micro RGB evo<\/a>, descrita como a sua TV LCD mais avan\u00e7ada de sempre, assim como uma <a href=\"https:\/\/www.lg.com\/global\/newsroom\/news\/media-entertainment-solution\/lg-unveils-ultragear-evo--redefining-5k-gaming-with-world-s-firs\/\" target=\"_blank\" rel=\"nofollow noopener\">nova linha de monitores<\/a> \u2014\u200bUltraGear Evo \u2014 que recorre a IA para fazer upscaling (aumentar a resolu\u00e7\u00e3o) de jogos para resolu\u00e7\u00f5es at\u00e9 5K\u200b, al\u00e9m de um <a href=\"https:\/\/www.lg.com\/global\/newsroom\/news\/media-entertainment-solution\/lg-sound-suite-the-worlds-first-soundbar-audio-system-powered-by-dolby-atmos-flexconnect\/\" target=\"_blank\" rel=\"nofollow noopener\">sistema de som Dolby<\/a> e o rob\u00f4 dom\u00e9stico <a href=\"https:\/\/www.lg.com\/br\/sobre-a-lg\/press-media\/lg-apresenta-robo-domestico\/?srsltid=AfmBOop1VoCrrvyIoKzqDe2OV3rz1Btt8UiljdJvEx4Njj3A1KL5D4aP\" target=\"_blank\" rel=\"nofollow noopener\">CLOiD<\/a>, que vai redefinir \u201ca experi\u00eancia dom\u00e9stica ao facilitar as tarefas di\u00e1rias, libertando tempo para o que realmente importa\u201d.<\/p>\n<p>A Samsung ir\u00e1 responder com a sua <a href=\"https:\/\/news.samsung.com\/au\/samsung-expands-premium-micro-rgb-tv-lineup-for-2026-with-new-sizes-and-advanced-features\" target=\"_blank\" rel=\"nofollow noopener\">linha de televisores Micro RGB<\/a>, a novos modelos para linha de <a href=\"https:\/\/news.samsung.com\/br\/samsung-revela-nova-linha-de-monitores-gamer-odyssey-a-primeira-do-mundo-com-telas-6k-3d-e-ultra-alta-resolucao\" target=\"_blank\" rel=\"nofollow noopener\">monitores gamer Odyssey<\/a> \u2014 a mais avan\u00e7ada at\u00e9 o momento \u2014, novas colunas Wi-Fi discretas \u2014 Music Studio 5 e Music Studio 7 \u2014 e tamb\u00e9m, possivelmente, com o rob\u00f4 <a href=\"https:\/\/www.samsung.com\/global\/home-robot-ballie\/\" target=\"_blank\" rel=\"nofollow noopener\">Ballie<\/a>, da Samsung, ap\u00f3s v\u00e1rios an\u00fancios e adiamentos ao longo dos \u00faltimos anos.<\/p>\n<p>A batalha dos chips<\/p>\n<p>A Intel, a AMD e a Qualcomm t\u00eam competido para ver quem consegue lan\u00e7ar processadores que combinem alto desempenho com efici\u00eancia energ\u00e9tica. Espera-se que sejam apresentados novos chips pelas tr\u00eas principais fabricantes de semicondutores, segundo o site <a href=\"https:\/\/www.engadget.com\/big-tech\/ces-2026-what-to-expect-from-techs-biggest-conference-in-january-120000369.html\" target=\"_blank\" rel=\"nofollow noopener\">Engadget<\/a>.<\/p>\n<p>        &#13;<\/p>\n<p>&#13;<br \/>\n                &#13;\n            <\/p>\n<p>&#13;<\/p>\n<p>A AMD dever\u00e1 aproveitar para revelar vers\u00f5es actualizadas dos seus processadores Ryzen, incluindo o Ryzen 7\u202f9850X3D e outras variantes baseadas na arquitectura Zen\u202f5, bem como poss\u00edveis modelos Ryzen\u202f9000G e solu\u00e7\u00f5es focadas em IA.<\/p>\n<p>A Intel <a href=\"https:\/\/www.intel.com\/content\/www\/us\/en\/events\/ces.html\" target=\"_blank\" rel=\"nofollow noopener\">confirmou oficialmente<\/a> que vai lan\u00e7ar os seus processadores Panther Lake no evento. Os chips, oficialmente denominados Intel Core Ultra Series 3, fazem parte da estrat\u00e9gia geral da Intel de \u201cPCs com IA\u201d, mas destinam\u2011se especificamente a port\u00e1teis premium.<\/p>\n<p>H\u00e1 tamb\u00e9m rumores de que a Qualcomm pretende mostrar os seus Snapdragon X2 Elite e Snapdragon X2 Elite Premium em port\u00e1teis no CES, dando uma ideia das melhorias em velocidade e desempenho de IA que prometeu para 2025\/2026.<\/p>\n<p>Rob\u00f3tica em destaque<\/p>\n<p>A agenda real\u00e7a a presen\u00e7a de tecnologia rob\u00f3tica, desde rob\u00f4s human\u00f3ides e dispositivos dom\u00e9sticos inteligentes at\u00e9 solu\u00e7\u00f5es industriais que usam IA para melhorar efici\u00eancia e automa\u00e7\u00e3o.<\/p>\n<p>        &#13;<\/p>\n<p>&#13;<br \/>\n                &#13;\n            <\/p>\n<p>&#13;<\/p>\n<p>Al\u00e9m dos rob\u00f4s j\u00e1 mencionados, da LG e da Samsung, espera-se evolu\u00e7\u00e3o e melhorias em modelos aspiradores rob\u00f3ticos.\u200b A Roborock poder\u00e1 tamb\u00e9m apresentar o seu novo Roborock Qrevo Curv 2 Flow.<\/p>\n<p>\u200bA <a href=\"https:\/\/www.reuters.com\/business\/retail-consumer\/hyundais-boston-dynamics-debut-new-atlas-humanoid-robots-ces-2025-12-22\/\" target=\"_blank\" rel=\"nofollow noopener\">Hyundai Motor Group afirmou<\/a> este m\u00eas que ir\u00e1 apresentar estrat\u00e9gias para acelerar a comercializa\u00e7\u00e3o de rob\u00f3tica com intelig\u00eancia artificial no evento, onde a sua subsidi\u00e1ria Boston Dynamics far\u00e1 a estreia da nova gera\u00e7\u00e3o do rob\u00f4 human\u00f3ide Atlas.<\/p>\n<p>Al\u00e9m disso, a navega\u00e7\u00e3o inteligente ser\u00e1 central: novas abordagens em IA visam dar aos rob\u00f4s uma compreens\u00e3o mais profunda do espa\u00e7o f\u00edsico, melhorando a sua efici\u00eancia em casas e escrit\u00f3rios.<\/p>\n<p>Tecnologia autom\u00f3vel e mobilidade avan\u00e7ada<\/p>\n<p>A sec\u00e7\u00e3o de Vehicle Tech &amp; Advanced Mobility \u00e9 um dos focos centrais do CES 2026. Isto inclui desde sistemas inteligentes dentro dos carros at\u00e9 ve\u00edculos conectados e novas formas de transporte urbano e sustent\u00e1vel.<\/p>\n<p>\u200bNo sector da mobilidade, os holofotes est\u00e3o virados para a exposi\u00e7\u00e3o da Sony Honda Mobility. A empresa conjunta vai marcar presen\u00e7a e anunciou que ir\u00e1 exibir o seu ve\u00edculo el\u00e9ctrico AFEELA 1 em vers\u00e3o pr\u00e9\u2011produ\u00e7\u00e3o, com lan\u00e7amento previsto na Calif\u00f3rnia em 2026.<\/p>\n<p>        &#13;<\/p>\n<p>&#13;<br \/>\n                &#13;\n            <\/p>\n<p>&#13;<\/p>\n<p>A Volvo ir\u00e1 dar uma palestra e, segundo o site <a href=\"https:\/\/www.cnet.com\/tech\/ces-2026-preview-expectations\/\" target=\"_blank\" rel=\"nofollow noopener\">CNET<\/a>, espera-se que o destaque seja dado aos ve\u00edculos conectados e \u00e0s novas solu\u00e7\u00f5es de transporte. Espera-se tamb\u00e9m que haja avan\u00e7os significativos na seguran\u00e7a e na tecnologia de condu\u00e7\u00e3o aut\u00f3noma. Isso inclui sistemas de assist\u00eancia ao condutor mais avan\u00e7ados e grandes novidades sobre condu\u00e7\u00e3o aut\u00f3noma e servi\u00e7os de <a href=\"https:\/\/www.publico.pt\/2025\/06\/23\/enter\/noticia\/robotaxi-taxis-condutor-tesla-ja-circularam-ruas-austin-saiba-funcionam-2137552\" rel=\"nofollow noopener\" target=\"_blank\">robot\u00e1xi<\/a>.<\/p>\n<p>Al\u00e9m da tecnologia, o evento contar\u00e1 com a presen\u00e7a de <a href=\"https:\/\/www.ces.tech\/press-releases\/meet-the-stars-celebrity-guests-at-ces-2026\" target=\"_blank\" rel=\"nofollow noopener\">celebridades <\/a>ligadas a diversas \u00e1reas, como a m\u00fasica, desporto, culin\u00e1ria e entretenimento, que participar\u00e3o em pain\u00e9is e sess\u00f5es especiais, para trazer uma vertente cultural para o evento. Entre os nomes confirmados est\u00e3o Serena Williams, will.i.am e Alexis Ohanian. Estes convidados ir\u00e3o explorar como a tecnologia se cruza com a criatividade, sa\u00fade, e entretenimento.<\/p>\n<p>Em 2025, o CES atraiu mais de 140.000 pessoas, 40% das quais vieram de fora dos EUA, representando 158 territ\u00f3rios, segundo dados da organiza\u00e7\u00e3o.<\/p>\n","protected":false},"excerpt":{"rendered":"A menos de uma semana da feira anual de electr\u00f3nica de consumo (em ingl\u00eas CES, Consumer Electronics Show),&hellip;\n","protected":false},"author":2,"featured_media":209055,"comment_status":"","ping_status":"","sticky":false,"template":"","format":"standard","meta":{"footnotes":""},"categories":[84],"tags":[2298,109,107,108,246,413,2172,933,17640,32,33,11874,105,103,104,106,110],"class_list":{"0":"post-209054","1":"post","2":"type-post","3":"status-publish","4":"format-standard","5":"has-post-thumbnail","7":"category-ciencia-e-tecnologia","8":"tag-automoveis","9":"tag-ciencia","10":"tag-ciencia-e-tecnologia","11":"tag-cienciaetecnologia","12":"tag-enter","13":"tag-eua","14":"tag-inovacao","15":"tag-inteligencia-artificial","16":"tag-las-vegas","17":"tag-portugal","18":"tag-pt","19":"tag-robotica","20":"tag-science","21":"tag-science-and-technology","22":"tag-scienceandtechnology","23":"tag-technology","24":"tag-tecnologia"},"share_on_mastodon":{"url":"https:\/\/pubeurope.com\/@pt\/115813849660013435","error":""},"_links":{"self":[{"href":"https:\/\/www.europesays.com\/pt\/wp-json\/wp\/v2\/posts\/209054","targetHints":{"allow":["GET"]}}],"collection":[{"href":"https:\/\/www.europesays.com\/pt\/wp-json\/wp\/v2\/posts"}],"about":[{"href":"https:\/\/www.europesays.com\/pt\/wp-json\/wp\/v2\/types\/post"}],"author":[{"embeddable":true,"href":"https:\/\/www.europesays.com\/pt\/wp-json\/wp\/v2\/users\/2"}],"replies":[{"embeddable":true,"href":"https:\/\/www.europesays.com\/pt\/wp-json\/wp\/v2\/comments?post=209054"}],"version-history":[{"count":0,"href":"https:\/\/www.europesays.com\/pt\/wp-json\/wp\/v2\/posts\/209054\/revisions"}],"wp:featuredmedia":[{"embeddable":true,"href":"https:\/\/www.europesays.com\/pt\/wp-json\/wp\/v2\/media\/209055"}],"wp:attachment":[{"href":"https:\/\/www.europesays.com\/pt\/wp-json\/wp\/v2\/media?parent=209054"}],"wp:term":[{"taxonomy":"category","embeddable":true,"href":"https:\/\/www.europesays.com\/pt\/wp-json\/wp\/v2\/categories?post=209054"},{"taxonomy":"post_tag","embeddable":true,"href":"https:\/\/www.europesays.com\/pt\/wp-json\/wp\/v2\/tags?post=209054"}],"curies":[{"name":"wp","href":"https:\/\/api.w.org\/{rel}","templated":true}]}}