{"id":209056,"date":"2025-12-31T11:08:07","date_gmt":"2025-12-31T11:08:07","guid":{"rendered":"https:\/\/www.europesays.com\/pt\/209056\/"},"modified":"2025-12-31T11:08:07","modified_gmt":"2025-12-31T11:08:07","slug":"maisa-e-joao-guilherme-viajam-juntos-para-o-nordeste-e-fas-brincam-ate-os-30-se-casam-tnh1","status":"publish","type":"post","link":"https:\/\/www.europesays.com\/pt\/209056\/","title":{"rendered":"Maisa e Jo\u00e3o Guilherme viajam juntos para o Nordeste e f\u00e3s brincam: &#039;At\u00e9 os 30 se casam&#039; &#8211; TNH1"},"content":{"rendered":"<ol>\n<li><a href=\"https:\/\/news.google.com\/rss\/articles\/CBMivwFBVV95cUxQQ3JydUFGTEEtR2hlbThpaWdKRkJ4VGZJZGt0TFJmdkZOUFFPTGZsR2xoaHNRTEw2dDNjT29zY1lFZkYxeG0yeEl0bzZlcmVORF9GenFJRFE4UV9SSmpWNXdvS19zSVdGRlZVaUhYWG9DMW81YnVMRFV2ekdLZmhPSlRIdWVmU3dPSEc1R3lZdVJuM280QU84ZEZLemRkME1JYjIzemh0QWQ2RzZlUm1JRVZ4QzRRSUxtTXgzSnVoa9IBugFBVV95cUxPNExfWW1BbUVXYktxMmxCbTJWSTdaUkxOc3pZdk5RYVNselpldGw4eUd1b3lBNV9KQm9ZY2RUWllqanBsNU9ZU1dqM2NOeDRoYnpjekRuekhrVUx6NHB1MzdrR3NsSWJlYUhfT2xxQ1FKZ2FFOHVGWEJmdnB5QThqandRUHpjcGllbFlRUXpZR0hndkNBNy0yM2ZBVWRBd25NVGFORENRWUNpNkJjc3VsX0JNZDRqVm5sTHc?oc=5\" target=\"_blank\" rel=\"nofollow noopener\">Maisa e Jo\u00e3o Guilherme viajam juntos para o Nordeste e f\u00e3s brincam: &#8216;At\u00e9 os 30 se casam&#8217;<\/a>&nbsp;&nbsp;TNH1<\/li>\n<li><a href=\"https:\/\/news.google.com\/rss\/articles\/CBMiiAFBVV95cUxOUFJzRG9YWFVFS0hYVDJkSXozZ0kzMDVKUG8yV2ZPSndzT3Rrcl9yYzctTms2NXQ5QXBpd2x0SlVvMFJvNExYWUVKUDFkOW5DRE1NV3lZVmg1eW45RVhxQ1pfajNtOUtRRkNhU0kwQzBBdDRQWjExV3NoclpVVm42bFRrR0tWRDdF?oc=5\" target=\"_blank\" rel=\"nofollow noopener\">Jo\u00e3o Guilherme e Maisa viajam juntos e f\u00e3s brincam: &#8216;At\u00e9 os 30 se casam&#8217;<\/a>&nbsp;&nbsp;UOL<\/li>\n<li><a href=\"https:\/\/news.google.com\/rss\/articles\/CBMiwgFBVV95cUxQNC1qSG1Cc1pjcWJaOF9wc0hHX0ZaWDh6alZ3ZFVGNlk5V3Y5MzdsSWpzMmwwbFVjNXU3ZmhxMks5NWJTLWxNS3VtZ0xTLVIwQjlSZWN5ZmZvbng4dy0zSnlkbkozWnNFLXFoRjFMemxyUWxRX0hORnpDS2lBTW42eTdRWGxlNWNhLXlnWWJ4WVdWOVpTT2Nfal8ySzZjeUNNb1NFZjJzSk43TW1GdTF1SEJpa1llR1F5b282dUt2b25IZ9IB0AFBVV95cUxPUXdIaWtwSHFRZ19VNWdGWmRYUnR4R0x2Nm5ITUFFN2V3N04zMUF4cDhlcURUMTVEdnpxa3BHQmtsUUo5blBkOC1FMnpZWVJBSkRtMFd5NGNydG1EVVZ0SGNTRjlEbmhDUTRfTG80WmRfLXQyYzBTNXFIbE1jT3lMbEdZdWtfeDc4VHhseDF5bjFMbnlUNkw5bktldFZkN1Y3dzhnRndvNnI2dkpjVWNjbTk1dWM4cHZ3QU9GVDFwSW9WNWVJd2FGUWJHZE01S0pr?oc=5\" target=\"_blank\" rel=\"nofollow noopener\">Maisa e Jo\u00e3o Guilherme aproveitam praia em Pernambuco e f\u00e3s brincam com romance: &#8216;Meu sonho de casal&#8217;<\/a>&nbsp;&nbsp;Globo<\/li>\n<li><a href=\"https:\/\/news.google.com\/rss\/articles\/CBMi6AFBVV95cUxOZDVfQ3RWRmRsdEFFeFpRdFgtaTJhRVFGQ2wxOHcxc2VDS096dlVpdXQxV19wXzRReExucEoxcXpEakxUQ3JGcDRkZ0VGSnVGS0F6aDlFaVJvRTJhY3p2cERUR0REZW0zR3dEa1B4dlRmZkdGWVFqdG5RWHplNEc0dGdsWXExSlVMTmwxX0k1RkpSZ21qTTlGRXZDMG9TWWNQTDRzYXl2eVE5U1U1M1ZEVjQ1Vm9SMDJFVVJpem9ZLUdSb2xjRWF2SUU5YUwxYUl0bXlXZFB4RHZySGNlb25oWlBqZEhzWEI30gHuAUFVX3lxTE1iQ3FaOXlnaHJQaUUxZHA0VlZpWXc2VnN2ZTNoZWVjVk5hcjdlemI4WXZIZWxnQ1FNM2RvVzhWSHVXUHZUNk9vX0EwdjFzVE9NMC11Y2RVaGxTOTZ0ckZrazk1cE9sS3BCMU5zaFplZTVfNnFVQkZpT3lhUzRLMV90NEhUUmtNLVJfb1hhVm5GX1h5SXp6YkVFZERQQTFQa3ZHT08wREp2VHBQRXhoR1YwOWo5RldDV19QaERkUklJMDZKU0JnUHZnU2Y0X3huWlQ5RDlSRnRKdFgwWjNZSmJsNGVoemlYandqc3FrRmc?oc=5\" target=\"_blank\" rel=\"nofollow noopener\">Jo\u00e3o Guilherme surge coladinho com Ma\u00edsa em praia do Pernambuco; veja<\/a>&nbsp;&nbsp;Correio Braziliense<\/li>\n<li><a href=\"https:\/\/news.google.com\/rss\/articles\/CBMi8AFBVV95cUxOdlRpa0JpdjYtRjM1Zm1YNk9VekF2a0Z4NHNzMzFaWGE3VzhVdUZrZ1VKS3ZfTmZkd2RSWU51eU83b1g4Z2ZtUExodjZrcFRfcWRMZGxNQktwZlVVVGRRTzVVMndwWFRXZlJDQmtFZDFVZzdxdkNMOHdydG41TF9iU0p2U01Db3paVm5kV29RWU5lZ01PVGpiWVU4STZBSEZDZkZvVkx5VFFOc1FDTTlpN1V5bGRKYUpFY1RHZkx1aXlZeDJhUjZ1aWFFX3EwLVFmX09LZXBqdUtpX3ZwelBRUFpWVGg2VTk0V2xabXpKbWXSAfABQVVfeXFMTzlqeGFmMVhEcFhQaWpQR3FpcU5QNW5yN3h6c2tkTjdIRnRvNTA2eGo1ZGZ5NUgwdW5FaVBnQUFHNDNwS1p2VTZOYlItUHdXOWJEQ1c2TmJXZEtZbVlvUkRVVXJUb0pQdVIzV3YxQTlQZXBlYTFwaG0xWFBPN0hLX3pFbWlDS0RHMVdicVJFUXRuazl5Yk9YbV9MVjg4NGg3SmR1RjA4UjRwMHYzQTM4REd4NHNBbXBrRlN1WmctZGQ4aU4ySllsMnVPbFJsdUQ4eG9wbExoOGxkWV9iOTlYRUxPdzZ1WEhSdW5PN0llejhW?oc=5\" target=\"_blank\" rel=\"nofollow noopener\">Maisa se declara para Jo\u00e3o Guilherme durante passeio de barco e web reage<\/a>&nbsp;&nbsp;Portal Uai<\/li>\n<\/ol>\n","protected":false},"excerpt":{"rendered":"Maisa e Jo\u00e3o Guilherme viajam juntos para o Nordeste e f\u00e3s brincam: &#8216;At\u00e9 os 30 se casam&#8217;&nbsp;&nbsp;TNH1 Jo\u00e3o&hellip;\n","protected":false},"author":2,"featured_media":209057,"comment_status":"","ping_status":"","sticky":false,"template":"","format":"standard","meta":{"footnotes":""},"categories":[145],"tags":[39941,3736,41099,41097,41098,211,210,114,115,1507,2712,4367,12731,3887,41103,41104,41102,150,6718,32,33,293,814,41101,41100],"class_list":{"0":"post-209056","1":"post","2":"type-post","3":"status-publish","4":"format-standard","5":"has-post-thumbnail","7":"category-celebridades","8":"tag-39941","9":"tag-amizade","10":"tag-brincam","11":"tag-cantar","12":"tag-casam","13":"tag-celebridades","14":"tag-celebrities","15":"tag-entertainment","16":"tag-entretenimento","17":"tag-fas","18":"tag-foto","19":"tag-joao-guilherme","20":"tag-juntos","21":"tag-maisa","22":"tag-mc-jacare","23":"tag-mc-meno","24":"tag-mc-ryan","25":"tag-musica","26":"tag-nordeste","27":"tag-portugal","28":"tag-pt","29":"tag-verao","30":"tag-viagem","31":"tag-viajam","32":"tag-vibe"},"share_on_mastodon":{"url":"https:\/\/pubeurope.com\/@pt\/115813869334319398","error":""},"_links":{"self":[{"href":"https:\/\/www.europesays.com\/pt\/wp-json\/wp\/v2\/posts\/209056","targetHints":{"allow":["GET"]}}],"collection":[{"href":"https:\/\/www.europesays.com\/pt\/wp-json\/wp\/v2\/posts"}],"about":[{"href":"https:\/\/www.europesays.com\/pt\/wp-json\/wp\/v2\/types\/post"}],"author":[{"embeddable":true,"href":"https:\/\/www.europesays.com\/pt\/wp-json\/wp\/v2\/users\/2"}],"replies":[{"embeddable":true,"href":"https:\/\/www.europesays.com\/pt\/wp-json\/wp\/v2\/comments?post=209056"}],"version-history":[{"count":0,"href":"https:\/\/www.europesays.com\/pt\/wp-json\/wp\/v2\/posts\/209056\/revisions"}],"wp:featuredmedia":[{"embeddable":true,"href":"https:\/\/www.europesays.com\/pt\/wp-json\/wp\/v2\/media\/209057"}],"wp:attachment":[{"href":"https:\/\/www.europesays.com\/pt\/wp-json\/wp\/v2\/media?parent=209056"}],"wp:term":[{"taxonomy":"category","embeddable":true,"href":"https:\/\/www.europesays.com\/pt\/wp-json\/wp\/v2\/categories?post=209056"},{"taxonomy":"post_tag","embeddable":true,"href":"https:\/\/www.europesays.com\/pt\/wp-json\/wp\/v2\/tags?post=209056"}],"curies":[{"name":"wp","href":"https:\/\/api.w.org\/{rel}","templated":true}]}}