{"id":209183,"date":"2025-12-31T13:00:16","date_gmt":"2025-12-31T13:00:16","guid":{"rendered":"https:\/\/www.europesays.com\/pt\/209183\/"},"modified":"2025-12-31T13:00:16","modified_gmt":"2025-12-31T13:00:16","slug":"rafaella-justus-fala-da-saida-de-ticiane-pinheiro-da-record-portas-se-fecham","status":"publish","type":"post","link":"https:\/\/www.europesays.com\/pt\/209183\/","title":{"rendered":"Rafaella Justus fala da sa\u00edda de Ticiane Pinheiro da Record: &#8216;Portas se fecham&#8217;"},"content":{"rendered":"<p>A adolescente <a href=\"https:\/\/caras.com.br\/tags\/rafaella-justus\" rel=\"nofollow noopener\" target=\"_blank\"><strong>Rafaella Justus<\/strong><\/a>, de 16 anos, fez uma homenagem para a m\u00e3e, a apresentadora <a href=\"https:\/\/caras.com.br\/tags\/ticiane-pinheiro\" rel=\"nofollow noopener\" target=\"_blank\"><strong>Ticiane Pinheiro<\/strong><\/a>, nesta ter\u00e7a-feira, 30. Este foi o \u00faltimo dia de trabalho da loira na Record depois de encerrar o contrato de 20 anos na emissora para mudar de cidade. Em 2026, Ticiane vai morar no Rio de Janeiro com o marido, <strong>C\u00e9sar Tralli<\/strong>, e a filha ca\u00e7ula, <strong>Manuella<\/strong>, ap\u00f3s o jornalista ter sido promovido \u00e0 \u00e2ncora do Jornal Nacional, da Globo.<\/p>\n<p>Ao ver a emo\u00e7\u00e3o da m\u00e3e em sua despedida da Record, Rafa fez quest\u00e3o de comemorar este momento marcante com um recado especial nas redes sociais. Ela mostrou uma foto da m\u00e3e na Record e falou sobre a nova fase na vida dela.<\/p>\n<p>\u201cEssa sua nova fase ser\u00e1 t\u00e3o linda! Portas se fecham para que novas possam se abrir. Voc\u00ea foi muito feliz a\u00ed na Record, e \u00e9 dif\u00edcil desapegar, at\u00e9 porque 20 anos n\u00e3o s\u00e3o 20 dias. Seu cora\u00e7\u00e3o \u00e9 lindo, e voc\u00ea vai brilhar ainda quer que v\u00e1. \u00c9 sobre confiar, sonhar e acreditar. Te amo e estarei ao seu lado para todo o sempre\u201d, afirmou.<\/p>\n<p>Vale lembrar que <a href=\"https:\/\/caras.com.br\/atualidades\/chance-de-rafaella-justus-se-mudar-para-o-rj-e-minima-entenda-o-motivo.phtml\" rel=\"nofollow noopener\" target=\"_blank\">Rafaella deve continuar morando em S\u00e3o Paulo para terminar a escola ao lado dos amigos que j\u00e1 conhece h\u00e1 muito tempo<\/a>. Como a m\u00e3e vai para o Rio de Janeiro, ela passar\u00e1 a morar na casa do pai, o empres\u00e1rio <strong>Roberto Justus<\/strong>.<\/p>\n<p>\t <img loading=\"lazy\" decoding=\"async\" class=\"wp-image-1051319 size-full img-fluid lazy\" alt=\"Post de Rafaella Justus - Foto: Reprodu\u00e7\u00e3o \/ Instagram\" width=\"772\" height=\"1372\" src=\"https:\/\/www.europesays.com\/pt\/wp-content\/uploads\/2025\/12\/post-de-rafaella-justus.jpg\"  \/>Post de Rafaella Justus \u2013 Foto: Reprodu\u00e7\u00e3o \/ Instagram A emo\u00e7\u00e3o de Ticiane Pinheiro <\/p>\n<p>Ao vivo no programa Hoje Em Dia, Ticiane Pinheiro foi homenageada pelos colegas de trabalho e amigos no \u00faltimo dia na Record. Ela chorou na atra\u00e7\u00e3o ao dar o adeus.<\/p>\n<p>\u201cMeu \u00faltimo programa ao vivo no @hojeemdia. Obrigada Fam\u00edlia Hoje em Dia por vcs serem t\u00e3o maravilhosos. Amei a surpresa e homenagem. Voc\u00eas moram no meu cora\u00e7\u00e3o para SEMPRE!!!\u201d, disse ela.<\/p>\n<blockquote class=\"instagram-media\" style=\"background: #FFF; border: 0; border-radius: 3px; box-shadow: 0 0 1px 0 rgba(0,0,0,0.5),0 1px 10px 0 rgba(0,0,0,0.15); margin: 1px; max-width: 540px; min-width: 326px; padding: 0; width: calc(100% - 2px);\" data-instgrm-captioned=\"\" data-instgrm-permalink=\"https:\/\/www.instagram.com\/reel\/DS5RM7rDnkw\/?utm_source=ig_embed&amp;utm_campaign=loading\" data-instgrm-version=\"14\"><\/blockquote>\n<p>  Homenagem de Ana Hickmann <\/p>\n<p>Uma das grandes colegas de Ticiane na Record, Ana Hickmann tamb\u00e9m homenageou a amiga publicamente. Ela fez um post no Instagram para fazer sobre o encerramento de um ciclo na vida da colega.<\/p>\n<p>\u201cTici\u2026 esse abra\u00e7o foi do\u00eddo, hoje foi seu \u00faltimo dia no Hoje em Dia, mas tudo o que constru\u00edmos juntas vai muito al\u00e9m de um programa. Formamos uma fam\u00edlia. Foram anos dividindo est\u00fadio, vida, hist\u00f3rias, risadas, l\u00e1grimas e uma amizade que \u00e9 real e profunda. Sou imensamente grata por cada momento ao seu lado. Voc\u00ea faz parte da minha hist\u00f3ria e sempre vai fazer. Que seus pr\u00f3ximos passos sejam cheios de amor, luz e verdade. Estarei sempre aqui, pra tudo. Te amo\u201d, afirmou.<\/p>\n<blockquote class=\"instagram-media\" style=\"background: #FFF; border: 0; border-radius: 3px; box-shadow: 0 0 1px 0 rgba(0,0,0,0.5),0 1px 10px 0 rgba(0,0,0,0.15); margin: 1px; max-width: 540px; min-width: 326px; padding: 0; width: calc(100% - 2px);\" data-instgrm-captioned=\"\" data-instgrm-permalink=\"https:\/\/www.instagram.com\/reel\/DS5MkINDdzv\/?utm_source=ig_embed&amp;utm_campaign=loading\" data-instgrm-version=\"14\"><\/blockquote>\n<p><strong>Leia tamb\u00e9m:<\/strong> <a href=\"https:\/\/caras.com.br\/datas-especiais\/ticiane-pinheiro-mostra-o-que-ganhou-de-rafaella-justus-de-natal-ninguem-me-segura.phtml\" rel=\"nofollow noopener\" target=\"_blank\">Ticiane Pinheiro mostra o que ganhou de Rafaella Justus de Natal: \u2018Ningu\u00e9m me segura\u2019<\/a><\/p>\n<p>        <a href=\"https:\/\/caras.com.br\/autor\/priscilla-comoti\" rel=\"nofollow noopener\" target=\"_blank\">&#13;<br \/>\n          <img alt=\"Priscilla Comoti\" src=\"https:\/\/www.europesays.com\/pt\/wp-content\/uploads\/2025\/12\/1767186016_100_e53883bdf02c542f6517b68879e8cb08b27a1d55c4dfd53577e47d3ab6331a06.png\"  class=\"avatar avatar-115 photo rounded-circle mr-3\" height=\"115\" width=\"115\" loading=\"lazy\" decoding=\"async\"\/>        <\/a><\/p>\n<p>Priscilla Comoti \u00e9 editora de conte\u00fado do site CARAS. Ela \u00e9 formada em jornalismo e em audiovisual, j\u00e1 passou pelos sites Contigo!, Minha Novela, TiTiTi, Mais Novela e Portal M\u00e1rcia Piovesan. Escreve sobre celebridades, not\u00edcias sobre a fam\u00edlia real brit\u00e2nica, TV, reality show e novelas.<\/p>\n<p>\t                                            <script async src=\"\/\/www.instagram.com\/embed.js\"><\/script><\/p>\n","protected":false},"excerpt":{"rendered":"A adolescente Rafaella Justus, de 16 anos, fez uma homenagem para a m\u00e3e, a apresentadora Ticiane Pinheiro, nesta&hellip;\n","protected":false},"author":2,"featured_media":209184,"comment_status":"","ping_status":"","sticky":false,"template":"","format":"standard","meta":{"footnotes":""},"categories":[145],"tags":[211,210,114,115,32,33,16160,16155,2568,4787],"class_list":{"0":"post-209183","1":"post","2":"type-post","3":"status-publish","4":"format-standard","5":"has-post-thumbnail","7":"category-celebridades","8":"tag-celebridades","9":"tag-celebrities","10":"tag-entertainment","11":"tag-entretenimento","12":"tag-portugal","13":"tag-pt","14":"tag-rafa-justus","15":"tag-rafaella-justus","16":"tag-record","17":"tag-ticiane-pinheiro"},"share_on_mastodon":{"url":"https:\/\/pubeurope.com\/@pt\/115814309693372078","error":""},"_links":{"self":[{"href":"https:\/\/www.europesays.com\/pt\/wp-json\/wp\/v2\/posts\/209183","targetHints":{"allow":["GET"]}}],"collection":[{"href":"https:\/\/www.europesays.com\/pt\/wp-json\/wp\/v2\/posts"}],"about":[{"href":"https:\/\/www.europesays.com\/pt\/wp-json\/wp\/v2\/types\/post"}],"author":[{"embeddable":true,"href":"https:\/\/www.europesays.com\/pt\/wp-json\/wp\/v2\/users\/2"}],"replies":[{"embeddable":true,"href":"https:\/\/www.europesays.com\/pt\/wp-json\/wp\/v2\/comments?post=209183"}],"version-history":[{"count":0,"href":"https:\/\/www.europesays.com\/pt\/wp-json\/wp\/v2\/posts\/209183\/revisions"}],"wp:featuredmedia":[{"embeddable":true,"href":"https:\/\/www.europesays.com\/pt\/wp-json\/wp\/v2\/media\/209184"}],"wp:attachment":[{"href":"https:\/\/www.europesays.com\/pt\/wp-json\/wp\/v2\/media?parent=209183"}],"wp:term":[{"taxonomy":"category","embeddable":true,"href":"https:\/\/www.europesays.com\/pt\/wp-json\/wp\/v2\/categories?post=209183"},{"taxonomy":"post_tag","embeddable":true,"href":"https:\/\/www.europesays.com\/pt\/wp-json\/wp\/v2\/tags?post=209183"}],"curies":[{"name":"wp","href":"https:\/\/api.w.org\/{rel}","templated":true}]}}