{"id":209208,"date":"2025-12-31T13:22:13","date_gmt":"2025-12-31T13:22:13","guid":{"rendered":"https:\/\/www.europesays.com\/pt\/209208\/"},"modified":"2025-12-31T13:22:13","modified_gmt":"2025-12-31T13:22:13","slug":"atriz-dos-morangos-com-acucar-sofreu-uma-hemorragia-cerebral-estar-viva-e-um-privilegio","status":"publish","type":"post","link":"https:\/\/www.europesays.com\/pt\/209208\/","title":{"rendered":"Atriz dos \u201cMorangos com A\u00e7\u00facar\u201d sofreu uma hemorragia cerebral: \u00abEstar viva \u00e9 um privil\u00e9gio\u00bb"},"content":{"rendered":"<p data-end=\"576\" data-start=\"98\"><strong>Margarida Martinho, atriz que integrou o elenco de Morangos com A\u00e7\u00facar nas temporadas 3 e 4, voltou a emocionar os seguidores ao recordar um dos momentos mais marcantes da sua vida.<\/strong> A atriz, que interpretou a personagem Rita em 2005 e 2006, ao lado da irm\u00e3 g\u00e9mea, Mariana Martinho, recorreu recentemente \u00e0s redes sociais para assinalar os 11 anos <strong>desde que sofreu uma hemorragia cerebral repentina<\/strong>, uma experi\u00eancia que mudou profundamente a forma como passou a encarar a vida.<\/p>\n<p data-end=\"1082\" data-start=\"578\">Numa reflex\u00e3o partilhada de forma honesta e emotiva, <strong>Margarida come\u00e7ou por sublinhar a import\u00e2ncia da leveza: \u00abN\u00e3o leves a vida t\u00e3o a s\u00e9rio. \u00c9 disso que leveza fala. E n\u00e3o \u00e9 por acaso. A leveza n\u00e3o veio de um livro, nem de uma frase bonita. Veio da vida. Veio da forma mais dura poss\u00edvel\u00bb. <\/strong>A atriz explicou que foi esse epis\u00f3dio inesperado que a ensinou a agradecer diariamente por estar viva e presente, consciente de que nada \u00e9 garantido e que tudo pode mudar num instante, \u00absem aviso, sem despedidas\u00bb.<\/p>\n<p data-end=\"1470\" data-start=\"1084\">Ao recordar a data, <strong>Margarida Martinho foi clara sobre o impacto duradouro desse dia: \u00abHoje fazem 11 anos desde o dia em que sofri uma hemorragia cerebral repentina. E quando me perguntam se isso mudou alguma coisa em mim\u2026 como n\u00e3o? Porque a verdade \u00e9 esta: faz hoje 11 anos que eu podia n\u00e3o estar aqui\u00bb<\/strong>. Palavras que refletem a dimens\u00e3o do susto e a consci\u00eancia da fragilidade da vida.<\/p>\n<p data-end=\"2017\" data-start=\"1472\">A atriz revelou ainda que tentou mostrar for\u00e7a para proteger quem estava \u00e0 sua volta, destacando o papel fundamental da fam\u00edlia neste processo. \u00abFiz-me de forte para manter todos \u00e0 minha volta de p\u00e9. N\u00e3o imagino o que seria estar do lado de l\u00e1, e por isso \u00e9 que a minha irm\u00e3 e a minha fam\u00edlia s\u00e3o os her\u00f3is desta hist\u00f3ria\u00bb, escreveu. <strong>Margarida sublinhou tamb\u00e9m a import\u00e2ncia da esperan\u00e7a e da atitude mental durante a recupera\u00e7\u00e3o<\/strong>, acreditando que a mente pode ser um verdadeiro lugar de cura quando se agarra \u00e0 ideia de que tudo pode correr bem.<\/p>\n<p data-end=\"2523\" data-is-last-node=\"\" data-is-only-node=\"\" data-start=\"2019\">Hoje, aos 36 anos, com dist\u00e2ncia e maturidade, Margarida Martinho reconhece que nem tudo est\u00e1 sob controlo, mas refor\u00e7a o poder da cren\u00e7a e da esperan\u00e7a. <strong>A mensagem termina com uma conclus\u00e3o clara e profundamente sentida:<\/strong> <strong>\u00abA \u00fanica certeza que levo comigo \u00e9 esta: estar viva \u00e9 um privil\u00e9gio que merece ser vivido plenamente\u00bb<\/strong>. Apesar do susto e da gravidade da situa\u00e7\u00e3o, a atriz conseguiu recuperar, transformando essa experi\u00eancia num ponto de viragem e numa li\u00e7\u00e3o de vida que continua a partilhar com quem a acompanha.<\/p>\n<blockquote class=\"instagram-media\" data-instgrm-captioned=\"\" data-instgrm-permalink=\"https:\/\/www.instagram.com\/p\/DSZ02N0imdW\/?utm_source=ig_embed&amp;utm_campaign=loading\" data-instgrm-version=\"14\" style=\" background:#FFF; border:0; border-radius:3px; box-shadow:0 0 1px 0 rgba(0,0,0,0.5),0 1px 10px 0 rgba(0,0,0,0.15); margin: 1px; max-width:540px; min-width:326px; padding:0; width:99.375%; width:-webkit-calc(100% - 2px); width:calc(100% - 2px);\">\n<\/blockquote>\n<p data-end=\"2523\" data-is-last-node=\"\" data-is-only-node=\"\" data-start=\"2019\">Veja como era a atriz quando se estreou na TVI &#8211; bem como a sua irm\u00e3 g\u00e9mea &#8211; e alguns registos mais atuais de ambas, partilhadas nas redes sociais.<\/p>\n<p>                        <script async src=\"\/\/www.instagram.com\/embed.js\"><\/script><\/p>\n","protected":false},"excerpt":{"rendered":"Margarida Martinho, atriz que integrou o elenco de Morangos com A\u00e7\u00facar nas temporadas 3 e 4, voltou a&hellip;\n","protected":false},"author":2,"featured_media":209209,"comment_status":"","ping_status":"","sticky":false,"template":"","format":"standard","meta":{"footnotes":""},"categories":[85],"tags":[73,72,66,114,115,77,69,75,23249,1476,71,67,32,33,76,74,70,35,162,78,68],"class_list":{"0":"post-209208","1":"post","2":"type-post","3":"status-publish","4":"format-standard","5":"has-post-thumbnail","7":"category-entretenimento","8":"tag-a-jornada","9":"tag-bate-bola","10":"tag-bom-dia-alegria","11":"tag-entertainment","12":"tag-entretenimento","13":"tag-estudio-estadio","14":"tag-fanaticos","15":"tag-livre-e-direto","16":"tag-margarida-martinho","17":"tag-morangos-com-acucar","18":"tag-nova-geracao","19":"tag-para-si","20":"tag-portugal","21":"tag-pt","22":"tag-segredos-do-prazer","23":"tag-segue-o-jogo","24":"tag-super-craques","25":"tag-transferencias","26":"tag-tvi","27":"tag-v-fama","28":"tag-var-aberto"},"share_on_mastodon":{"url":"https:\/\/pubeurope.com\/@pt\/115814396375357454","error":""},"_links":{"self":[{"href":"https:\/\/www.europesays.com\/pt\/wp-json\/wp\/v2\/posts\/209208","targetHints":{"allow":["GET"]}}],"collection":[{"href":"https:\/\/www.europesays.com\/pt\/wp-json\/wp\/v2\/posts"}],"about":[{"href":"https:\/\/www.europesays.com\/pt\/wp-json\/wp\/v2\/types\/post"}],"author":[{"embeddable":true,"href":"https:\/\/www.europesays.com\/pt\/wp-json\/wp\/v2\/users\/2"}],"replies":[{"embeddable":true,"href":"https:\/\/www.europesays.com\/pt\/wp-json\/wp\/v2\/comments?post=209208"}],"version-history":[{"count":0,"href":"https:\/\/www.europesays.com\/pt\/wp-json\/wp\/v2\/posts\/209208\/revisions"}],"wp:featuredmedia":[{"embeddable":true,"href":"https:\/\/www.europesays.com\/pt\/wp-json\/wp\/v2\/media\/209209"}],"wp:attachment":[{"href":"https:\/\/www.europesays.com\/pt\/wp-json\/wp\/v2\/media?parent=209208"}],"wp:term":[{"taxonomy":"category","embeddable":true,"href":"https:\/\/www.europesays.com\/pt\/wp-json\/wp\/v2\/categories?post=209208"},{"taxonomy":"post_tag","embeddable":true,"href":"https:\/\/www.europesays.com\/pt\/wp-json\/wp\/v2\/tags?post=209208"}],"curies":[{"name":"wp","href":"https:\/\/api.w.org\/{rel}","templated":true}]}}