{"id":209210,"date":"2025-12-31T13:23:08","date_gmt":"2025-12-31T13:23:08","guid":{"rendered":"https:\/\/www.europesays.com\/pt\/209210\/"},"modified":"2025-12-31T13:23:08","modified_gmt":"2025-12-31T13:23:08","slug":"ia-e-compra-da-hbo-pela-netflix-as-noticias-de-tech-mais-lidas-do-ano","status":"publish","type":"post","link":"https:\/\/www.europesays.com\/pt\/209210\/","title":{"rendered":"IA e compra da HBO pela Netflix. As not\u00edcias de Tech mais lidas do ano"},"content":{"rendered":"<p>A Intelig\u00eancia Artificial tem sido um dos temas dominantes do mundo da tecnologia nos \u00faltimos anos e, ainda que 2025 n\u00e3o tenha sido diferente, os \u00faltimos meses foram marcados sobretudo por um investimento cada vez maior no desenvolvimento desta tecnologia.<\/p>\n<p>As gigantes tecnol\u00f3gicas em particular t\u00eam estado entre as mais ativas no que diz respeito ao investimento em Intelig\u00eancia Artificial e, em 2025, vimos empresas como a Meta a n\u00e3o olhar a custos para garantir que conta com o melhor talento e com os especialistas mais desejados.<\/p>\n<p>\u00c9 o caso de Matt Deitke, um jovem investigador de Intelig\u00eancia Artificial que, com apenas 24 anos, aceitou em agosto juntar-se \u00e0 Meta pela \u2018m\u00f3dica\u2019 quantia de <a href=\"https:\/\/www.noticiasaominuto.com\/tech\/2833741\/vinganca-dos-nerds-tem-24-anos-e-vai-receber-250-milhoes-da-meta\" target=\"_blank\" rel=\"noopener nofollow\">250 milh\u00f5es de d\u00f3lares<\/a> &#8211; o equivalente a 212 milh\u00f5es de euros.<\/p>\n<p>Al\u00e9m da Meta, a OpenAI e o seu ChatGPT tamb\u00e9m continuaram a receber aten\u00e7\u00e3o, sobretudo \u00e0 medida que foram sendo disponibilizados modelos de linguagem cada vez mais avan\u00e7ados.<\/p>\n<p>Foi o caso do GPT-4o que, na primeira metade de 2025, fez com que o ChatGPT conseguisse somar um milh\u00e3o de utilizadores no espa\u00e7o de <a href=\"https:\/\/www.noticiasaominuto.com\/tech\/2759474\/bastou-uma-hora-para-o-chatgpt-ganhar-mais-um-milhao-de-utilizadores\" target=\"_blank\" rel=\"noopener nofollow\">apenas uma hora<\/a>. Apesar de mais empresas terem come\u00e7ado a \u2018dar luta\u2019 \u00e0 OpenAI &#8211; como \u00e9 o caso da Google &#8211; fica claro que o ChatGPT continua a ser uma das ferramentas mais populares de 2025.<\/p>\n<p>Entre cr\u00edticas de Bill Gates a Elon Musk \u00e8 a forma como o multimilion\u00e1rio dono da Tesla e da SpaceX <a href=\"https:\/\/www.noticiasaominuto.com\/tech\/2715461\/bill-gates-nao-poupa-criticas-a-elon-musk-isto-e-uma-loucura\" target=\"_blank\" rel=\"noopener nofollow\">agitou o campo pol\u00edtico<\/a> no come\u00e7o do ano, 2025 tamb\u00e9m foi o ano em que se intensificaram o n\u00famero de chamadas de spam que todos recebemos e que, por conseguinte, levou a um maior interesse no que diz respeito a <a href=\"https:\/\/www.noticiasaominuto.com\/tech\/2846899\/numero-desconhecido-como-verificar-a-identidade-de-uma-chamada-suspeita\" target=\"_blank\" rel=\"noopener nofollow\">identificar a origem de chamadas desconhecidas<\/a>, prevenir este tipo de intera\u00e7\u00f5es indesejadas e potenciais burlas.<\/p>\n<p>O ano de 2025 tamb\u00e9m serviu para que alguns termos &#8211; at\u00e9 ent\u00e3o relativamente desconhecidos e encontrados sobretudo no mundo dos influenciadores e redes sociais &#8211; saltassem para o mainstream.<\/p>\n<p>Express\u00f5es e termos como \u201cmanoesfera\u201d ou \u201cincel\u201d come\u00e7aram a ser comentados entre fam\u00edlias e amigos <a href=\"https:\/\/www.noticiasaominuto.com\/tech\/2751605\/atencao-pais-o-significado-escondido-dos-emojis-de-adolescencia\" target=\"_blank\" rel=\"noopener nofollow\">gra\u00e7as a \u201cAdolesc\u00eancia\u201d<\/a> &#8211; uma miniss\u00e9rie exclusiva da Netflix que foi n\u00e3o s\u00f3 uma das grandes adi\u00e7\u00f5es ao cat\u00e1logo do servi\u00e7o de streaming, como tamb\u00e9m um aut\u00eantico movimento social.<\/p>\n<p>O mundo do streaming n\u00e3o se fez apenas de um ano particularmente bom no que diz respeito a s\u00e9ries de qualidade, mas tamb\u00e9m de neg\u00f3cios que podem abalar as pr\u00f3prias funda\u00e7\u00f5es da ind\u00fastria do entretenimento.<\/p>\n<p>Falamos do facto de a Warner Bros. Discovery ter aceitado a proposta de compra da Netflix, que poder\u00e1 desta forma tornar-se a nova dona n\u00e3o s\u00f3 dos est\u00fadios (centen\u00e1rios) de cinema e televis\u00e3o da Warner Bros., como tamb\u00e9m da HBO e do servi\u00e7o rival HBO Max. Naturalmente, como parte do neg\u00f3cio, algumas das s\u00e9ries mais reconhec\u00edveis e ic\u00f3nicas da HBO Max <a href=\"https:\/\/www.noticiasaominuto.com\/tech\/2900111\/os-filmes-e-series-que-passam-a-ser-da-netflix-com-compra-da-warner-bros\" target=\"_blank\" rel=\"noopener nofollow\">passariam a ser detidas pela Netflix<\/a>.<\/p>\n<p>Estes foram alguns dos temas que marcaram o ano que est\u00e1 prestes a findar e que estiveram entre os que mais interesse suscitaram junto dos leitores do Tech ao Minuto. Convidamo-lo, ent\u00e3o, a ver abaixo quais foram as not\u00edcias mais lidas do ano de 2025.<\/p>\n<p>Eis as 10 not\u00edcias de Tech mais lidas de 2025:<\/p>\n","protected":false},"excerpt":{"rendered":"A Intelig\u00eancia Artificial tem sido um dos temas dominantes do mundo da tecnologia nos \u00faltimos anos e, ainda&hellip;\n","protected":false},"author":2,"featured_media":209211,"comment_status":"","ping_status":"","sticky":false,"template":"","format":"standard","meta":{"footnotes":""},"categories":[84],"tags":[109,107,108,32,33,105,103,104,106,110],"class_list":{"0":"post-209210","1":"post","2":"type-post","3":"status-publish","4":"format-standard","5":"has-post-thumbnail","7":"category-ciencia-e-tecnologia","8":"tag-ciencia","9":"tag-ciencia-e-tecnologia","10":"tag-cienciaetecnologia","11":"tag-portugal","12":"tag-pt","13":"tag-science","14":"tag-science-and-technology","15":"tag-scienceandtechnology","16":"tag-technology","17":"tag-tecnologia"},"share_on_mastodon":{"url":"https:\/\/pubeurope.com\/@pt\/115814400272445508","error":""},"_links":{"self":[{"href":"https:\/\/www.europesays.com\/pt\/wp-json\/wp\/v2\/posts\/209210","targetHints":{"allow":["GET"]}}],"collection":[{"href":"https:\/\/www.europesays.com\/pt\/wp-json\/wp\/v2\/posts"}],"about":[{"href":"https:\/\/www.europesays.com\/pt\/wp-json\/wp\/v2\/types\/post"}],"author":[{"embeddable":true,"href":"https:\/\/www.europesays.com\/pt\/wp-json\/wp\/v2\/users\/2"}],"replies":[{"embeddable":true,"href":"https:\/\/www.europesays.com\/pt\/wp-json\/wp\/v2\/comments?post=209210"}],"version-history":[{"count":0,"href":"https:\/\/www.europesays.com\/pt\/wp-json\/wp\/v2\/posts\/209210\/revisions"}],"wp:featuredmedia":[{"embeddable":true,"href":"https:\/\/www.europesays.com\/pt\/wp-json\/wp\/v2\/media\/209211"}],"wp:attachment":[{"href":"https:\/\/www.europesays.com\/pt\/wp-json\/wp\/v2\/media?parent=209210"}],"wp:term":[{"taxonomy":"category","embeddable":true,"href":"https:\/\/www.europesays.com\/pt\/wp-json\/wp\/v2\/categories?post=209210"},{"taxonomy":"post_tag","embeddable":true,"href":"https:\/\/www.europesays.com\/pt\/wp-json\/wp\/v2\/tags?post=209210"}],"curies":[{"name":"wp","href":"https:\/\/api.w.org\/{rel}","templated":true}]}}