{"id":209212,"date":"2025-12-31T13:24:10","date_gmt":"2025-12-31T13:24:10","guid":{"rendered":"https:\/\/www.europesays.com\/pt\/209212\/"},"modified":"2025-12-31T13:24:10","modified_gmt":"2025-12-31T13:24:10","slug":"wall-street-vira-costas-a-rally-do-pai-natal-e-fecha-no-vermelho-bolsa","status":"publish","type":"post","link":"https:\/\/www.europesays.com\/pt\/209212\/","title":{"rendered":"Wall Street vira costas a &#8220;rally do Pai Natal&#8221; e fecha no vermelho &#8211; Bolsa"},"content":{"rendered":"<p class=\"\">&#13;<br \/>\n        As bolsas nova-iorquinas parecem ter virado as costas ao tradicional &#8220;rally do Pai Natal&#8221; &#8211; que decorre de 24 de dezembro a 5 de janeiro &#8211; e encerraram a pen\u00faltima sess\u00e3o do ano no vermelho. Com poucos catalisadores e reduzido volume, os principais \u00edndices cederam, embora de forma ligeira.&#13;\n    <\/p>\n<p class=\"\">&#13;<br \/>\n        O Dow Jones recuou 0,2%, para os\u00a048.367,06 pontos, enquanto o &#8220;benchmark&#8221; S&amp;P 500 deslizou 0,14%, at\u00e9 aos 6.896,24 pontos, e o tecnol\u00f3gico Nasdaq Composite caiu 0,24%, fechando nos 23.419,08 pontos.&#13;\n    <\/p>\n<p class=\"\">&#13;<br \/>\n        Os setores tecnol\u00f3gico e financeiro continuaram a pressionar e as &#8220;big tech&#8221; n\u00e3o sofreram grandes mexidas nas cota\u00e7\u00f5es, com apenas a Meta a variar mais de 1%. A Apple cedeu 0,26%, a Alphabet valorizou 0,09%, a Amazon subiu 0,20%, a Meta ganhou 1,11%, a Microsoft avan\u00e7ou 0,09% e a Nvidia perdeu 0,36%. A Tesla, que divulgou as estimativas de v\u00e1rios analistas para o n\u00famero de ve\u00edculos entregues e produzidos no quarto trimestre, recuou 1,17%.&#13;\n    <\/p>\n<p class=\"\">&#13;<br \/>\n        A dona do Facebook beneficiou do an\u00fancio de que vai <b><a href=\"https:\/\/www.jornaldenegocios.pt\/empresas\/tecnologias\/detalhe\/dona-do-facebook-compra-empresa-chinesa-manus\" target=\"_self\" rel=\"tag nofollow noopener\">comprar a empresa chinesa de intelig\u00eancia artificial (IA) Manus.<\/a><\/b>&#13;\n    <\/p>\n<p class=\"\">&#13;<br \/>\n        A <b><a href=\"https:\/\/www.jornaldenegocios.pt\/economia\/politica-monetaria\/detalhe\/maioria-dos-membros-da-fed-quer-mais-cortes-de-juros-se-inflacao-ajudar\" target=\"_self\" rel=\"tag nofollow noopener\">publica\u00e7\u00e3o das atas da \u00faltima reuni\u00e3o da Reserva Federal (Fed)<\/a><\/b> n\u00e3o tiveram qualquer impacto nos investidores, com os \u00edndices a pouco se alterarem aquando da divulga\u00e7\u00e3o.&#13;\n    <\/p>\n","protected":false},"excerpt":{"rendered":"&#13; As bolsas nova-iorquinas parecem ter virado as costas ao tradicional &#8220;rally do Pai Natal&#8221; &#8211; que decorre&hellip;\n","protected":false},"author":2,"featured_media":209213,"comment_status":"","ping_status":"","sticky":false,"template":"","format":"standard","meta":{"footnotes":""},"categories":[83],"tags":[41125,88,89,90,1169,40883,21222,415,32,33,10402,296],"class_list":{"0":"post-209212","1":"post","2":"type-post","3":"status-publish","4":"format-standard","5":"has-post-thumbnail","7":"category-empresas","8":"tag-alphabet-inc","9":"tag-business","10":"tag-economy","11":"tag-empresas","12":"tag-facebook","13":"tag-mercado-e-bolsa","14":"tag-nasdaq","15":"tag-nvidia","16":"tag-portugal","17":"tag-pt","18":"tag-sp","19":"tag-tesla"},"share_on_mastodon":{"url":"https:\/\/pubeurope.com\/@pt\/115814404185853971","error":""},"_links":{"self":[{"href":"https:\/\/www.europesays.com\/pt\/wp-json\/wp\/v2\/posts\/209212","targetHints":{"allow":["GET"]}}],"collection":[{"href":"https:\/\/www.europesays.com\/pt\/wp-json\/wp\/v2\/posts"}],"about":[{"href":"https:\/\/www.europesays.com\/pt\/wp-json\/wp\/v2\/types\/post"}],"author":[{"embeddable":true,"href":"https:\/\/www.europesays.com\/pt\/wp-json\/wp\/v2\/users\/2"}],"replies":[{"embeddable":true,"href":"https:\/\/www.europesays.com\/pt\/wp-json\/wp\/v2\/comments?post=209212"}],"version-history":[{"count":0,"href":"https:\/\/www.europesays.com\/pt\/wp-json\/wp\/v2\/posts\/209212\/revisions"}],"wp:featuredmedia":[{"embeddable":true,"href":"https:\/\/www.europesays.com\/pt\/wp-json\/wp\/v2\/media\/209213"}],"wp:attachment":[{"href":"https:\/\/www.europesays.com\/pt\/wp-json\/wp\/v2\/media?parent=209212"}],"wp:term":[{"taxonomy":"category","embeddable":true,"href":"https:\/\/www.europesays.com\/pt\/wp-json\/wp\/v2\/categories?post=209212"},{"taxonomy":"post_tag","embeddable":true,"href":"https:\/\/www.europesays.com\/pt\/wp-json\/wp\/v2\/tags?post=209212"}],"curies":[{"name":"wp","href":"https:\/\/api.w.org\/{rel}","templated":true}]}}