{"id":209234,"date":"2025-12-31T13:40:20","date_gmt":"2025-12-31T13:40:20","guid":{"rendered":"https:\/\/www.europesays.com\/pt\/209234\/"},"modified":"2025-12-31T13:40:20","modified_gmt":"2025-12-31T13:40:20","slug":"nao-sou-opaco-e-nao-fujo-as-minhas-respostas-gouveia-e-melo-satisfeito-com-esclarecimento-da-pgr","status":"publish","type":"post","link":"https:\/\/www.europesays.com\/pt\/209234\/","title":{"rendered":"&#8220;N\u00e3o sou opaco e n\u00e3o fujo \u00e0s minhas respostas&#8221;. Gouveia e Melo satisfeito com esclarecimento da PGR"},"content":{"rendered":"<p data-remotead-prev-elm=\"true\" data-remotead-elm-id=\"inread\">&#8220;<strong>N\u00e3o me escondo atr\u00e1s de nenhuma fun\u00e7\u00e3o, de nenhuma prote\u00e7\u00e3o, n\u00e3o sou opaco e n\u00e3o fujo \u00e0s minhas respostas<\/strong>. Qualquer d\u00favida que haja estou aqui para discutir e dizer ao que venho&#8221;, disse aos jornalistas em Loures, real\u00e7ando ter toda a disponibilidade para esclarecer o que for necess\u00e1rio.<\/p>\n<p>&#8220;A coisa que mais me aborrece, e se me permitem este desabafo, \u00e9 que tivesse sido posta em causa a minha integridade. <strong>Eu n\u00e3o sou uma pessoa rica, n\u00e3o tenho nada de meu a n\u00e3o ser as coisas que sempre prezei ao longo da minha vida e uma delas \u00e9 a integridade, a minha capacidade de entrega, nos momentos certos a coragem que tive de ter para enfrentar certas dificuldades&#8221;<\/strong>, acrescentou, notando mais uma vez estranhar o &#8220;momento em que voltou a reaparecer&#8221; uma investiga\u00e7\u00e3o &#8220;fechada&#8221; em 2024 pelo Tribunal de Contas.<\/p>\n<p>&#8220;Essa minha estranheza faz-me pensar que h\u00e1 aqui uma tentativa de inger\u00eancia democr\u00e1tica e pol\u00edtica que n\u00e3o me parece ser positiva para a democracia&#8221;, afirmou. &#8220;Fui oficial de Marinha, lutei e estive sempre dispon\u00edvel para lutar pelo meu pa\u00eds e pelas institui\u00e7\u00f5es que representam a democracia no pa\u00eds e fiz isso recebendo s\u00f3 o meu ordenado&#8221;, completou.<\/p>\n<p data-remotead-prev-elm=\"true\" data-remotead-elm-id=\"centro1\">A Procuradoria-Geral da Rep\u00fablica esclareceu, esta ter\u00e7a-feira, que o candidato presidencial Henrique Gouveia e Melo <a href=\"https:\/\/www.jn.pt\/nacional\/artigo\/gouveia-e-melo-nao-e-arguido-na-investigacao-aos-ajustes-diretos-na-marinha\/18035320\" target=\"_blank\" rel=\"nofollow noopener\">n\u00e3o \u00e9 arguido na investiga\u00e7\u00e3o sobre os ajustes diretos<\/a> celebrados entre a empresa Proskipper e a Marinha, de 2017 a 2020, durante a lideran\u00e7a do ex-militar. O inqu\u00e9rito decorre no Departamento de Investiga\u00e7\u00e3o e A\u00e7\u00e3o Penal (DIAP) de Almada e encontra-se na fase final.<\/p>\n<p>&#8220;A popula\u00e7\u00e3o sabe perfeitamente o que estava em causa: uma tentativa de assassinato de car\u00e1ter (&#8230;) N\u00e3o tenho nada a temer e quem n\u00e3o deve n\u00e3o teme, n\u00e3o devo nada a ningu\u00e9m, nunca devi nada a ningu\u00e9m, s\u00f3 tive um patr\u00e3o e esse patr\u00e3o foi o Estado Portugu\u00eas e os portugueses&#8221;, concluiu o candidato a Bel\u00e9m.<\/p>\n","protected":false},"excerpt":{"rendered":"&#8220;N\u00e3o me escondo atr\u00e1s de nenhuma fun\u00e7\u00e3o, de nenhuma prote\u00e7\u00e3o, n\u00e3o sou opaco e n\u00e3o fujo \u00e0s minhas&hellip;\n","protected":false},"author":2,"featured_media":209235,"comment_status":"","ping_status":"","sticky":false,"template":"","format":"standard","meta":{"footnotes":""},"categories":[10],"tags":[27,28,15,16,9498,14,25,26,21,22,16595,619,12,13,19,20,32,1076,23,24,33,17,18,29,30,31],"class_list":{"0":"post-209234","1":"post","2":"type-post","3":"status-publish","4":"format-standard","5":"has-post-thumbnail","7":"category-portugal","8":"tag-breaking-news","9":"tag-breakingnews","10":"tag-featured-news","11":"tag-featurednews","12":"tag-gouveia-e-melo","13":"tag-headlines","14":"tag-latest-news","15":"tag-latestnews","16":"tag-main-news","17":"tag-mainnews","18":"tag-marinha-portuguesa","19":"tag-nacional","20":"tag-news","21":"tag-noticias","22":"tag-noticias-principais","23":"tag-noticiasprincipais","24":"tag-portugal","25":"tag-presidenciais-2026","26":"tag-principais-noticias","27":"tag-principaisnoticias","28":"tag-pt","29":"tag-top-stories","30":"tag-topstories","31":"tag-ultimas","32":"tag-ultimas-noticias","33":"tag-ultimasnoticias"},"share_on_mastodon":{"url":"https:\/\/pubeurope.com\/@pt\/115814467169353330","error":""},"_links":{"self":[{"href":"https:\/\/www.europesays.com\/pt\/wp-json\/wp\/v2\/posts\/209234","targetHints":{"allow":["GET"]}}],"collection":[{"href":"https:\/\/www.europesays.com\/pt\/wp-json\/wp\/v2\/posts"}],"about":[{"href":"https:\/\/www.europesays.com\/pt\/wp-json\/wp\/v2\/types\/post"}],"author":[{"embeddable":true,"href":"https:\/\/www.europesays.com\/pt\/wp-json\/wp\/v2\/users\/2"}],"replies":[{"embeddable":true,"href":"https:\/\/www.europesays.com\/pt\/wp-json\/wp\/v2\/comments?post=209234"}],"version-history":[{"count":0,"href":"https:\/\/www.europesays.com\/pt\/wp-json\/wp\/v2\/posts\/209234\/revisions"}],"wp:featuredmedia":[{"embeddable":true,"href":"https:\/\/www.europesays.com\/pt\/wp-json\/wp\/v2\/media\/209235"}],"wp:attachment":[{"href":"https:\/\/www.europesays.com\/pt\/wp-json\/wp\/v2\/media?parent=209234"}],"wp:term":[{"taxonomy":"category","embeddable":true,"href":"https:\/\/www.europesays.com\/pt\/wp-json\/wp\/v2\/categories?post=209234"},{"taxonomy":"post_tag","embeddable":true,"href":"https:\/\/www.europesays.com\/pt\/wp-json\/wp\/v2\/tags?post=209234"}],"curies":[{"name":"wp","href":"https:\/\/api.w.org\/{rel}","templated":true}]}}