{"id":209242,"date":"2025-12-31T13:48:11","date_gmt":"2025-12-31T13:48:11","guid":{"rendered":"https:\/\/www.europesays.com\/pt\/209242\/"},"modified":"2025-12-31T13:48:11","modified_gmt":"2025-12-31T13:48:11","slug":"matheus-nunes-city-era-aquilo-que-queria-quando-sai-do-sporting","status":"publish","type":"post","link":"https:\/\/www.europesays.com\/pt\/209242\/","title":{"rendered":"Matheus Nunes: \u00abCity era aquilo que queria quando sa\u00ed do Sporting\u00bb"},"content":{"rendered":"<p style=\"text-align:justify; margin-bottom:11px\">Matheus Nunes confessou, numa entrevista \u00e0 DAZN, que chegar a um clube como o Manchester City era algo que j\u00e1 ambicionava desde os tempos do Sporting. O internacional portugu\u00eas recordou ainda a passagem pelo Wolverhampton, onde chegou em 2022.<\/p>\n<p>\u00abO primeiro ano nos Wolves foi um ano dif\u00edcil, coletivamente e individualmente. Lembro-me que joguei muitos meses com uma dor na p\u00fabis. Tamb\u00e9m j\u00e1 no Wolves houve muita mudan\u00e7a de posi\u00e7\u00e3o. Lembro-me que joguei mais da metade da \u00e9poca a extremo-direito, jogava extremo-esquerdo, joguei poucos jogos a m\u00e9dio. E o facto de estar longe da minha fam\u00edlia, longe dos meus amigos, de estar no frio, que \u00e9 uma coisa que eu nunca consigo acostumar-me&#8230; Acho que foi bastante dif\u00edcil o primeiro ano\u00bb, come\u00e7ou por dizer.<\/p>\n<p>\u00abO facto de sermos muitos portugueses l\u00e1 no Wolverhampton na altura ajudou, porque \u00e9 diferente estares com pessoas da tua nacionalidade. \u00c0s vezes, falava mais portugu\u00eas do que falava ingl\u00eas, mas foi bastante dif\u00edcil o primeiro ano\u00bb, acrescentou.<\/p>\n<p>\u00abQuando fui para o City foi basicamente aquilo que eu queria na minha vida quando sa\u00ed do Sporting. Se eu sa\u00edsse era para um clube como o City. Foi o realizar de um desejo meu. Sinto que a primeira \u00e9poca foi dif\u00edcil porque n\u00e3o joguei tantos jogos. Vinha do Sporting a jogar todos os jogos, depois, no Wolverhampton, tamb\u00e9m joguei todos os jogos, mesmo fora de posi\u00e7\u00e3o. E chegar aqui e n\u00e3o jogar&#8230; foi uma fase de adapta\u00e7\u00e3o. Mas agora sinto-me completamente habituado a tudo e diria que este \u00e9 o momento mais feliz desde que cheguei a Inglaterra\u00bb, concluiu.<\/p>\n<p>A cumprir a terceira temporada nos \u00abcityzens\u00bb, Matheus Nunes tem sido utilizado como lateral-direito por Pep Guardiola e soma um golo e tr\u00eas assist\u00eancias nos 22 jogos que disputou esta \u00e9poca.<\/p>\n","protected":false},"excerpt":{"rendered":"Matheus Nunes confessou, numa entrevista \u00e0 DAZN, que chegar a um clube como o Manchester City era algo&hellip;\n","protected":false},"author":2,"featured_media":209243,"comment_status":"","ping_status":"","sticky":false,"template":"","format":"standard","meta":{"footnotes":""},"categories":[87],"tags":[135,436,46,1382,21841,32,33,47,34,134,4157,4159],"class_list":{"0":"post-209242","1":"post","2":"type-post","3":"status-publish","4":"format-standard","5":"has-post-thumbnail","7":"category-desporto","8":"tag-desporto","9":"tag-made-in","10":"tag-maisfutebol","11":"tag-manchester-city","12":"tag-matheus-nunes","13":"tag-portugal","14":"tag-pt","15":"tag-pura-paixao","16":"tag-sporting","17":"tag-sports","18":"tag-wolverhampton","19":"tag-wolves"},"share_on_mastodon":{"url":"https:\/\/pubeurope.com\/@pt\/115814498544129833","error":""},"_links":{"self":[{"href":"https:\/\/www.europesays.com\/pt\/wp-json\/wp\/v2\/posts\/209242","targetHints":{"allow":["GET"]}}],"collection":[{"href":"https:\/\/www.europesays.com\/pt\/wp-json\/wp\/v2\/posts"}],"about":[{"href":"https:\/\/www.europesays.com\/pt\/wp-json\/wp\/v2\/types\/post"}],"author":[{"embeddable":true,"href":"https:\/\/www.europesays.com\/pt\/wp-json\/wp\/v2\/users\/2"}],"replies":[{"embeddable":true,"href":"https:\/\/www.europesays.com\/pt\/wp-json\/wp\/v2\/comments?post=209242"}],"version-history":[{"count":0,"href":"https:\/\/www.europesays.com\/pt\/wp-json\/wp\/v2\/posts\/209242\/revisions"}],"wp:featuredmedia":[{"embeddable":true,"href":"https:\/\/www.europesays.com\/pt\/wp-json\/wp\/v2\/media\/209243"}],"wp:attachment":[{"href":"https:\/\/www.europesays.com\/pt\/wp-json\/wp\/v2\/media?parent=209242"}],"wp:term":[{"taxonomy":"category","embeddable":true,"href":"https:\/\/www.europesays.com\/pt\/wp-json\/wp\/v2\/categories?post=209242"},{"taxonomy":"post_tag","embeddable":true,"href":"https:\/\/www.europesays.com\/pt\/wp-json\/wp\/v2\/tags?post=209242"}],"curies":[{"name":"wp","href":"https:\/\/api.w.org\/{rel}","templated":true}]}}