{"id":209273,"date":"2025-12-31T14:13:07","date_gmt":"2025-12-31T14:13:07","guid":{"rendered":"https:\/\/www.europesays.com\/pt\/209273\/"},"modified":"2025-12-31T14:13:07","modified_gmt":"2025-12-31T14:13:07","slug":"nao-foi-facil-mas-nao-me-arrependo","status":"publish","type":"post","link":"https:\/\/www.europesays.com\/pt\/209273\/","title":{"rendered":"N\u00e3o foi f\u00e1cil, mas n\u00e3o me arrependo&#8230;"},"content":{"rendered":"<p>Com o fim do Secret Story 9 \u00e0 vista, os quatro finalistas recordaram o momento mais marcante das suas respetivas participa\u00e7\u00f5es e In\u00eas lembrou quando decidiu terminar a rela\u00e7\u00e3o que tinha antes de entrar no\u00a0reality show\u00a0da TVI.<\/p>\n<p>\u201c<strong>O mais complicado foi terminar a minha rela\u00e7\u00e3o l\u00e1 fora, porque \u00e9 algo que \u00e9 feito muito a frio aqui dentro. N\u00e3o temos perce\u00e7\u00e3o nenhuma do que se passa l\u00e1 fora e \u00e9 dif\u00edcil estar a terminar uma rela\u00e7\u00e3o sem ouvir nada do que est\u00e1 a acontecer do outro lado. Foi, sem d\u00favida, o que me tirou mais da minha zona de conforto aqui dentro, foi ter que o fazer desse modo<\/strong>\u201c, disse em conversa com a Voz no confession\u00e1rio.<\/p>\n<p><strong>Leia tamb\u00e9m:\u00a0<\/strong><a href=\"https:\/\/www.hiper.fm\/ines-termina-relacao-com-o-namorado-e-melhor-cada-um-seguir-o-seu-caminho\/\" target=\"_blank\" rel=\"noopener nofollow\">In\u00eas termina rela\u00e7\u00e3o com o namorado: \u201c\u00c9 melhor cada um seguir o seu caminho\u2026\u201d<\/a><\/p>\n<p>Depois de assistir \u00e0s imagens desse momento no \u2018Especial\u2019 desta ter\u00e7a-feira, 30 de dezembro, a concorrente de Montijo emocionou-se e desabafou: \u201c<strong>N\u00e3o foi mesmo uma situa\u00e7\u00e3o f\u00e1cil. Na minha cabe\u00e7a \u00e9 horr\u00edvel pensar o que \u00e9 que a outra pessoa podia ter sentido ao longo dessas semanas em que ainda est\u00e1vamos numa rela\u00e7\u00e3o e ao que \u00e9 que a estava a sujeitar<\/strong>\u201c.<\/p>\n<p>Sobre o ex-namorado, In\u00eas adiantou: \u201c<strong>\u00c9<\/strong><strong>\u00a0uma pessoa por quem tenho um carinho enorme, claro que n\u00e3o me fez mal nenhum, mas eu tinha que seguir o meu cora\u00e7\u00e3o<\/strong><strong> e pensar no que era melhor para mim e no que eu estava a sentir naquele momento.\u00a0<\/strong><strong>N\u00e3o foi f\u00e1cil, mas n\u00e3o me arrependo. Foi o melhor para mim<\/strong>\u201c.<\/p>\n<p>Na altura em que terminou a rela\u00e7\u00e3o, In\u00eas come\u00e7ou a namorar com Dylan \u2013 <a href=\"https:\/\/www.hiper.fm\/apos-terminar-relacao-ines-da-primeiro-beijo-na-boca-a-dylan\/\" target=\"_blank\" rel=\"noopener nofollow\">beijou-o tr\u00eas dias depois<\/a> \u2013 e tenciona agora \u201c<strong>ter uma conversa<\/strong>\u201d com o ex-namorado quando sair do programa: \u201c<strong>Como \u00e9 \u00f3bvio acho que n\u00e3o faz sentido simplesmente ignorar o que aconteceu, faz sentido ter uma conversa e, pelo menos, dar o nosso lado aqui dentro fechados, n\u00e3o \u00e9 f\u00e1cil. Mas foi a decis\u00e3o e foi bem feita, pelo menos para mim, e acho que para a Liliana tamb\u00e9m<\/strong>\u201c.<\/p>\n<p><a href=\"https:\/\/tvi.iol.pt\/secretstory\/videos\/ines-recorda-fim-da-relacao-nao-me-arrependo-foi-o-melhor-para-mim\/695450a10cf2c7eb24452f7d\" target=\"_blank\" rel=\"noopener nofollow\">Veja o v\u00eddeo aqui<\/a>.<\/p>\n","protected":false},"excerpt":{"rendered":"Com o fim do Secret Story 9 \u00e0 vista, os quatro finalistas recordaram o momento mais marcante das&hellip;\n","protected":false},"author":2,"featured_media":209274,"comment_status":"","ping_status":"","sticky":false,"template":"","format":"standard","meta":{"footnotes":""},"categories":[142],"tags":[114,115,3318,26469,32,33,24622,151],"class_list":{"0":"post-209273","1":"post","2":"type-post","3":"status-publish","4":"format-standard","5":"has-post-thumbnail","7":"category-tv","8":"tag-entertainment","9":"tag-entretenimento","10":"tag-fim","11":"tag-inu00eas","12":"tag-portugal","13":"tag-pt","14":"tag-relau00e7u00e3o","15":"tag-tv"},"share_on_mastodon":{"url":"https:\/\/pubeurope.com\/@pt\/115814596872956598","error":""},"_links":{"self":[{"href":"https:\/\/www.europesays.com\/pt\/wp-json\/wp\/v2\/posts\/209273","targetHints":{"allow":["GET"]}}],"collection":[{"href":"https:\/\/www.europesays.com\/pt\/wp-json\/wp\/v2\/posts"}],"about":[{"href":"https:\/\/www.europesays.com\/pt\/wp-json\/wp\/v2\/types\/post"}],"author":[{"embeddable":true,"href":"https:\/\/www.europesays.com\/pt\/wp-json\/wp\/v2\/users\/2"}],"replies":[{"embeddable":true,"href":"https:\/\/www.europesays.com\/pt\/wp-json\/wp\/v2\/comments?post=209273"}],"version-history":[{"count":0,"href":"https:\/\/www.europesays.com\/pt\/wp-json\/wp\/v2\/posts\/209273\/revisions"}],"wp:featuredmedia":[{"embeddable":true,"href":"https:\/\/www.europesays.com\/pt\/wp-json\/wp\/v2\/media\/209274"}],"wp:attachment":[{"href":"https:\/\/www.europesays.com\/pt\/wp-json\/wp\/v2\/media?parent=209273"}],"wp:term":[{"taxonomy":"category","embeddable":true,"href":"https:\/\/www.europesays.com\/pt\/wp-json\/wp\/v2\/categories?post=209273"},{"taxonomy":"post_tag","embeddable":true,"href":"https:\/\/www.europesays.com\/pt\/wp-json\/wp\/v2\/tags?post=209273"}],"curies":[{"name":"wp","href":"https:\/\/api.w.org\/{rel}","templated":true}]}}