{"id":209313,"date":"2025-12-31T14:55:12","date_gmt":"2025-12-31T14:55:12","guid":{"rendered":"https:\/\/www.europesays.com\/pt\/209313\/"},"modified":"2025-12-31T14:55:12","modified_gmt":"2025-12-31T14:55:12","slug":"pedro-ataca-o-ego-de-liliana-esta-soltinha-secret-story","status":"publish","type":"post","link":"https:\/\/www.europesays.com\/pt\/209313\/","title":{"rendered":"Pedro ataca o ego de Liliana: \u00abEst\u00e1 soltinha\u00bb &#8211; Secret Story"},"content":{"rendered":"<p style=\"margin-bottom:11px\">No Secret Story 9, numa din\u00e2mica em que os concorrentes tinham de associar t\u00edtulos aos colegas. Pedro atribuiu \u00abAutoestima em alta. Adora-se tanto que j\u00e1 n\u00e3o sobra espa\u00e7o para os outros\u00bb a Liliana. Veja o momento.<\/p>\n<p>Estamos em contagem decrescente para saber quem ser\u00e1 o grande vencedor do Secret Story 9. Vote no seu concorrente favorito atrav\u00e9s da app TVI Reality ou das linhas telef\u00f3nicas e ajude-o a vencer:<\/p>\n<p><strong>IN\u00caS 761 20 20 10<\/strong><\/p>\n<p><strong>LILIANA 761 20 20 14<\/strong><\/p>\n<p><strong>MARISA 761 20 20 16<\/strong><\/p>\n<p><strong>PEDRO 761 20 20 18<\/strong><\/p>\n<p><a href=\"https:\/\/tvi.iol.pt\/secretstory\/aominuto\" wbo-id=\"32\" rel=\"nofollow noopener\" target=\"_blank\">Veja aqui tudo o que se passa na casa do Secret Story 9<\/a><\/p>\n","protected":false},"excerpt":{"rendered":"No Secret Story 9, numa din\u00e2mica em que os concorrentes tinham de associar t\u00edtulos aos colegas. Pedro atribuiu&hellip;\n","protected":false},"author":2,"featured_media":209314,"comment_status":"","ping_status":"","sticky":false,"template":"","format":"standard","meta":{"footnotes":""},"categories":[142],"tags":[114,115,19033,19016,19034,14646,32,33,151,19032],"class_list":{"0":"post-209313","1":"post","2":"type-post","3":"status-publish","4":"format-standard","5":"has-post-thumbnail","7":"category-tv","8":"tag-entertainment","9":"tag-entretenimento","10":"tag-galas-em-video","11":"tag-liliana","12":"tag-melhores-momentos-casa-dos-segredos","13":"tag-pedro","14":"tag-portugal","15":"tag-pt","16":"tag-tv","17":"tag-videos-secret-story-tvi"},"share_on_mastodon":{"url":"https:\/\/pubeurope.com\/@pt\/115814761992460352","error":""},"_links":{"self":[{"href":"https:\/\/www.europesays.com\/pt\/wp-json\/wp\/v2\/posts\/209313","targetHints":{"allow":["GET"]}}],"collection":[{"href":"https:\/\/www.europesays.com\/pt\/wp-json\/wp\/v2\/posts"}],"about":[{"href":"https:\/\/www.europesays.com\/pt\/wp-json\/wp\/v2\/types\/post"}],"author":[{"embeddable":true,"href":"https:\/\/www.europesays.com\/pt\/wp-json\/wp\/v2\/users\/2"}],"replies":[{"embeddable":true,"href":"https:\/\/www.europesays.com\/pt\/wp-json\/wp\/v2\/comments?post=209313"}],"version-history":[{"count":0,"href":"https:\/\/www.europesays.com\/pt\/wp-json\/wp\/v2\/posts\/209313\/revisions"}],"wp:featuredmedia":[{"embeddable":true,"href":"https:\/\/www.europesays.com\/pt\/wp-json\/wp\/v2\/media\/209314"}],"wp:attachment":[{"href":"https:\/\/www.europesays.com\/pt\/wp-json\/wp\/v2\/media?parent=209313"}],"wp:term":[{"taxonomy":"category","embeddable":true,"href":"https:\/\/www.europesays.com\/pt\/wp-json\/wp\/v2\/categories?post=209313"},{"taxonomy":"post_tag","embeddable":true,"href":"https:\/\/www.europesays.com\/pt\/wp-json\/wp\/v2\/tags?post=209313"}],"curies":[{"name":"wp","href":"https:\/\/api.w.org\/{rel}","templated":true}]}}