{"id":209317,"date":"2025-12-31T14:58:07","date_gmt":"2025-12-31T14:58:07","guid":{"rendered":"https:\/\/www.europesays.com\/pt\/209317\/"},"modified":"2025-12-31T14:58:07","modified_gmt":"2025-12-31T14:58:07","slug":"levaste-com-um-pau-a-reacao-hilariante-de-jesus-ao-amarelo-de-alvo-do-benfica","status":"publish","type":"post","link":"https:\/\/www.europesays.com\/pt\/209317\/","title":{"rendered":"\u00abLevaste com um pau?\u00bb: a rea\u00e7\u00e3o hilariante de Jesus ao amarelo de alvo do Benfica"},"content":{"rendered":"<p style=\"margin-bottom:11px\">Wesley foi titular no <a href=\"https:\/\/maisfutebol.iol.pt\/made-in\/arabia-saudita\/video-felix-e-ronaldo-marcam-mas-al-nassr-escorrega-pela-primeira-vez\" target=\"_blank\" rel=\"nofollow noopener\"><strong>empate do Al Nassr com o Al Ettifaq (2-2)<\/strong><\/a> e, aos dois minutos de jogo, j\u00e1 estava amarelado.<\/p>\n<p>O extremo brasileiro, <a href=\"https:\/\/maisfutebol.iol.pt\/benfica\/al-nassr\/benfica-e-al-nassr-avancam-por-wesley-mas-acordo-ainda-depende-de-sadio-mane\" target=\"_blank\" rel=\"nofollow noopener\"><strong>alvo do Benfica para o mercado de janeiro<\/strong><\/a>, atingiu \u00c1lvaro Medr\u00e1n no rosto e viu cart\u00e3o amarelo. O lance aconteceu muito perto do banco onde estava Jorge Jesus e o treinador portugu\u00eas teve uma rea\u00e7\u00e3o ins\u00f3lita.<\/p>\n<p>Depois de exigir que Medr\u00e1n se levantasse de imediato, por considerar que o espanhol estava a fazer fita, Jesus virou-se para o advers\u00e1rio e gesticulou bem ao seu jeito, fazendo lembrar quando disse a c\u00e9lebre express\u00e3o \u00ablevaste com um pau\u00bb.<\/p>\n","protected":false},"excerpt":{"rendered":"Wesley foi titular no empate do Al Nassr com o Al Ettifaq (2-2) e, aos dois minutos de&hellip;\n","protected":false},"author":2,"featured_media":209318,"comment_status":"","ping_status":"","sticky":false,"template":"","format":"standard","meta":{"footnotes":""},"categories":[87],"tags":[685,1145,51,135,1147,436,46,32,33,47,134,21912],"class_list":{"0":"post-209317","1":"post","2":"type-post","3":"status-publish","4":"format-standard","5":"has-post-thumbnail","7":"category-desporto","8":"tag-al-nassr","9":"tag-arabia-saudita","10":"tag-benfica","11":"tag-desporto","12":"tag-jorge-jesus","13":"tag-made-in","14":"tag-maisfutebol","15":"tag-portugal","16":"tag-pt","17":"tag-pura-paixao","18":"tag-sports","19":"tag-wesley"},"share_on_mastodon":{"url":"https:\/\/pubeurope.com\/@pt\/115814773767185603","error":""},"_links":{"self":[{"href":"https:\/\/www.europesays.com\/pt\/wp-json\/wp\/v2\/posts\/209317","targetHints":{"allow":["GET"]}}],"collection":[{"href":"https:\/\/www.europesays.com\/pt\/wp-json\/wp\/v2\/posts"}],"about":[{"href":"https:\/\/www.europesays.com\/pt\/wp-json\/wp\/v2\/types\/post"}],"author":[{"embeddable":true,"href":"https:\/\/www.europesays.com\/pt\/wp-json\/wp\/v2\/users\/2"}],"replies":[{"embeddable":true,"href":"https:\/\/www.europesays.com\/pt\/wp-json\/wp\/v2\/comments?post=209317"}],"version-history":[{"count":0,"href":"https:\/\/www.europesays.com\/pt\/wp-json\/wp\/v2\/posts\/209317\/revisions"}],"wp:featuredmedia":[{"embeddable":true,"href":"https:\/\/www.europesays.com\/pt\/wp-json\/wp\/v2\/media\/209318"}],"wp:attachment":[{"href":"https:\/\/www.europesays.com\/pt\/wp-json\/wp\/v2\/media?parent=209317"}],"wp:term":[{"taxonomy":"category","embeddable":true,"href":"https:\/\/www.europesays.com\/pt\/wp-json\/wp\/v2\/categories?post=209317"},{"taxonomy":"post_tag","embeddable":true,"href":"https:\/\/www.europesays.com\/pt\/wp-json\/wp\/v2\/tags?post=209317"}],"curies":[{"name":"wp","href":"https:\/\/api.w.org\/{rel}","templated":true}]}}