{"id":209325,"date":"2025-12-31T15:06:07","date_gmt":"2025-12-31T15:06:07","guid":{"rendered":"https:\/\/www.europesays.com\/pt\/209325\/"},"modified":"2025-12-31T15:06:07","modified_gmt":"2025-12-31T15:06:07","slug":"sydney-sweeney-tem-bons-jeans-mas-uma-ma-patroa-observador","status":"publish","type":"post","link":"https:\/\/www.europesays.com\/pt\/209325\/","title":{"rendered":"Sydney Sweeney tem bons \u201cjeans\u201d mas uma m\u00e1 patroa \u2013 Observador"},"content":{"rendered":"<p>Nos anos 90, apareceu um subg\u00e9nero do filme policial que ficou conhecido como \u201cthriller psicol\u00f3gico yuppie\u201d, porque as personagens quase sempre pertenciam \u00e0 referida denomina\u00e7\u00e3o socio-econ\u00f3mica muito popular na altura, os Young Urban Professionals. <strong>Nessas fitas, geralmente med\u00edocrezinhas, os protagonistas eram postos em perigo de vida por homens ou mulheres que, \u00e0 primeira vista, pareciam normais e inofensivos, mas afinal eram perigosos psicopatas.<\/strong> Muitos desses t\u00edtulos foram directamente para o buraco sem fundo do home video, e entre os mais conhecidos constam A M\u00e3o que Embala o Ber\u00e7o, Obsess\u00e3o Selvagem, Dormindo com o Inimigo ou Jovem Procura Companheira.<\/p>\n<p>A Criada, de Paul Feig, baseado no best-seller de Freida McFadden (tamb\u00e9m produtora, juntamente com as duas principais int\u00e9rpretes, Sydney Sweeney e Amanda Seyfried), remete, de forma algo anacr\u00f3nica, para esses thrillers psicol\u00f3gicos de juntar por n\u00fameros da d\u00e9cada de 90, isto embora n\u00e3o se perceba muito bem se a s\u00e9rio, se ironicamente. O que n\u00e3o \u00e9 surpresa, dado que Feig, autor de coisas t\u00e3o olvid\u00e1veis como Armadas e Perigosas, Ca\u00e7a-Fantasmas (a vers\u00e3o feminino-feminista) ou Um Pequeno Favor, \u00e9 um dos realizadores mais canhestros a trabalhar actualmente em Hollywood.<\/p>\n<p>[Veja o \u201ctrailer\u201d de \u201cA Criada\u201d:]<\/p>\n<p><strong>Sweeney interpreta MillieCalloway, uma rapariga sem emprego nem casa, <\/strong>reduzida a dormir, em pleno Inverno, dentro do carro em parques de estacionamento, que quase por milagre consegue uma posi\u00e7\u00e3o de criada e ama na luxuosa casa nos sub\u00farbios de Nova Iorque pertencente a Nina Winchester (Seyfried) e ao seu marido de sonho, Andrew (Brandon Sklenar), que t\u00eam uma filha, a antip\u00e1tica Cece. Millie cedo percebe que Nina \u00e9 imprevisivelmente bipolar e descobre que ela j\u00e1 esteve internada num hospital psiqui\u00e1trico por quase ter afogado Cece; e que o simp\u00e1tico, compreensivo e pacient\u00edssimo Andrew lhe atura as mais inesperadas e piores altera\u00e7\u00f5es de humor. (H\u00e1 ainda na casa um misterioso e mal-encarado jardineiro).<\/p>\n<p>[Veja uma entrevista com as duas actrizes:]<\/p>\n<p>\u00c9 da conven\u00e7\u00e3o que nestes filmes ningu\u00e9m \u00e9 o que parece, e \u00e9 tamb\u00e9m tudo menos dif\u00edcil saber que, a certa altura de A Criada, as personagens v\u00e3o revelar quem s\u00e3o na realidade (incluindo a pr\u00f3pria Millie e o jardineiro trombudo) e a hist\u00f3ria vai dar uma valente pirueta. S\u00f3 que no caso de A Criada, \u00e9 menos uma pirueta do que um triplo mortal encarpado com sa\u00edda em parafuso, porque<strong> o enredo \u00e9, como dizem os americanos, overthe top, abdicando de todo e qualquer \u00a0semblante de verosimilhan\u00e7a e coer\u00eancia interna, para enveredar pelo mais descarado, ris\u00edvel, \u00a0sanguinolento e previs\u00edvel disparate.<\/strong> E de thriller psicol\u00f3gico corriqueiro, o filme passa a thriller trashy\u00a0estapaf\u00fardio, ainda por cima convencido que \u00e9 muito engenhoso.<\/p>\n<p>[Veja uma sequ\u00eancia do filme:]<\/p>\n<p><strong>\u00c9 sempre um gosto ver Sydney Sweeney (use ou n\u00e3o jeans) e Amanda Seyfried, embora as suas personagens em A Criada sejam basicamente feitas de cart\u00e3o e cola.<\/strong> Brandon Sklenar \u00e9 um t\u00e3o espesso canastr\u00e3o que at\u00e9 a casa dos Winchester vai melhor que ele, Elizabeth Perkins tem um papel pequeno demais na elegant\u00edssima e p\u00e9rfida sogra obcecada pela porcelana da fam\u00edlia (a lou\u00e7a desempenha um papel fundamental na trama do filme), <strong>e estar Paul Feig ou um rob\u00f4 atr\u00e1s da c\u00e2mara, tanto faz, A Criada at\u00e9 podia ter sido realizado por IA que nem se notava. Este \u00e9 um caso chapado de \u201cse n\u00e3o leu o livro tamb\u00e9m n\u00e3o vale a pena ver o filme\u201d. \u00a0\u00a0\u00a0<\/strong><\/p>\n","protected":false},"excerpt":{"rendered":"Nos anos 90, apareceu um subg\u00e9nero do filme policial que ficou conhecido como \u201cthriller psicol\u00f3gico yuppie\u201d, porque as&hellip;\n","protected":false},"author":2,"featured_media":209326,"comment_status":"","ping_status":"","sticky":false,"template":"","format":"standard","meta":{"footnotes":""},"categories":[145],"tags":[211,210,470,315,114,115,7299,32,33],"class_list":{"0":"post-209325","1":"post","2":"type-post","3":"status-publish","4":"format-standard","5":"has-post-thumbnail","7":"category-celebridades","8":"tag-celebridades","9":"tag-celebrities","10":"tag-cinema","11":"tag-cultura","12":"tag-entertainment","13":"tag-entretenimento","14":"tag-estreia-da-semana","15":"tag-portugal","16":"tag-pt"},"share_on_mastodon":{"url":"https:\/\/pubeurope.com\/@pt\/115814805181930080","error":""},"_links":{"self":[{"href":"https:\/\/www.europesays.com\/pt\/wp-json\/wp\/v2\/posts\/209325","targetHints":{"allow":["GET"]}}],"collection":[{"href":"https:\/\/www.europesays.com\/pt\/wp-json\/wp\/v2\/posts"}],"about":[{"href":"https:\/\/www.europesays.com\/pt\/wp-json\/wp\/v2\/types\/post"}],"author":[{"embeddable":true,"href":"https:\/\/www.europesays.com\/pt\/wp-json\/wp\/v2\/users\/2"}],"replies":[{"embeddable":true,"href":"https:\/\/www.europesays.com\/pt\/wp-json\/wp\/v2\/comments?post=209325"}],"version-history":[{"count":0,"href":"https:\/\/www.europesays.com\/pt\/wp-json\/wp\/v2\/posts\/209325\/revisions"}],"wp:featuredmedia":[{"embeddable":true,"href":"https:\/\/www.europesays.com\/pt\/wp-json\/wp\/v2\/media\/209326"}],"wp:attachment":[{"href":"https:\/\/www.europesays.com\/pt\/wp-json\/wp\/v2\/media?parent=209325"}],"wp:term":[{"taxonomy":"category","embeddable":true,"href":"https:\/\/www.europesays.com\/pt\/wp-json\/wp\/v2\/categories?post=209325"},{"taxonomy":"post_tag","embeddable":true,"href":"https:\/\/www.europesays.com\/pt\/wp-json\/wp\/v2\/tags?post=209325"}],"curies":[{"name":"wp","href":"https:\/\/api.w.org\/{rel}","templated":true}]}}