{"id":209360,"date":"2025-12-31T15:40:06","date_gmt":"2025-12-31T15:40:06","guid":{"rendered":"https:\/\/www.europesays.com\/pt\/209360\/"},"modified":"2025-12-31T15:40:06","modified_gmt":"2025-12-31T15:40:06","slug":"vingadores-doutor-destino-jornalista-esclarece-suposta-variante-feminina-do-vilao-em-filme","status":"publish","type":"post","link":"https:\/\/www.europesays.com\/pt\/209360\/","title":{"rendered":"Vingadores: Doutor Destino | Jornalista esclarece suposta variante feminina do vil\u00e3o em filme"},"content":{"rendered":"<p class=\"wp-block-yoast-seo-estimated-reading-time yoast-reading-time__wrapper\">Estimated reading time: 2 minutos<\/p>\n<p>J\u00e1 faz algum tempo desde que sa\u00edram rumores informando sobre a suposta presen\u00e7a de uma variante feminina do <a href=\"https:\/\/ovicio.com.br\/tag\/doutor-destino\" target=\"_blank\" rel=\"noreferrer noopener nofollow\">Doutor Destino<\/a> no pr\u00f3ximo filme dos <a href=\"https:\/\/ovicio.com.br\/tag\/vingadores-doutor-destino\" target=\"_blank\" rel=\"noreferrer noopener nofollow\">Vingadores<\/a>, algo que est\u00e1 voltando a ser abordado em uma recente atualiza\u00e7\u00e3o.<\/p>\n<p>Em participa\u00e7\u00e3o no podcast The Hot Mic, o jornalista <strong>John Rocha<\/strong>, que havia reportado as apari\u00e7\u00f5es do <strong>Justiceiro<\/strong> e do <strong>Hulk<\/strong> em <a href=\"https:\/\/ovicio.com.br\/tag\/homem-aranha-4\" target=\"_blank\" rel=\"noreferrer noopener nofollow\">Homem-Aranha 4<\/a>, comentou sobre a suposta vers\u00e3o feminina do vil\u00e3o de <a href=\"https:\/\/ovicio.com.br\/tag\/robert-downey-jr\" target=\"_blank\" rel=\"noreferrer noopener nofollow\">Robert Downey Jr<\/a>.<\/p>\n<p>Segundo ele, se trata de uma aliada<strong> <\/strong>que<strong> &#8220;acredita ser&#8221;<\/strong> uma variante de <strong>Destino<\/strong>, sugerindo que a identidade da personagem pode se tornar uma das grandes revela\u00e7\u00f5es da trama.<\/p>\n<p><strong>&#8220;Ele tem uma parceira que tamb\u00e9m usa uma m\u00e1scara. Essa pessoa acredita ser uma vers\u00e3o feminina dela. Portanto, voc\u00eas ter\u00e3o uma equipe com um personagem masculino e uma feminina desse vil\u00e3o.&#8221;<\/strong><\/p>\n<p>A declara\u00e7\u00e3o reascendeu as especula\u00e7\u00f5es de que a <a href=\"https:\/\/ovicio.com.br\/tag\/feiticeira-escarlate\" rel=\"nofollow noopener\" target=\"_blank\">Feiticeira Escarlate<\/a> voltaria no blockbuster como uma variante do Multiverso que, ao inv\u00e9s de se aliar aos her\u00f3is, se juntaria ao grande antagonista.<\/p>\n<p>At\u00e9 que se prove o contr\u00e1rio, entretanto, as informa\u00e7\u00f5es devem ser tratados como rumores, enquanto o filme segue atualmente em p\u00f3s-produ\u00e7\u00e3o.<\/p>\n<p><strong>Vingadores: Doutor Destino <\/strong>tem estreia agendada para <strong>18 de dezembro de 2026<\/strong> nos cinemas.<\/p>\n<p>Leia mais sobre Vingadores:<\/p>\n<p><strong>Fonte: <\/strong><a href=\"https:\/\/comicbookmovie.com\/avengers\/avengers-doomsday\/mcu-rumor-roundup-doctor-dooms-female-sidekick-ms-marvels-mcu-future-avengers-doomsday-spoilers-a225777\" target=\"_blank\" rel=\"noreferrer noopener nofollow\">Comic Book Movie<\/a>.<\/p>\n","protected":false},"excerpt":{"rendered":"Estimated reading time: 2 minutos J\u00e1 faz algum tempo desde que sa\u00edram rumores informando sobre a suposta presen\u00e7a&hellip;\n","protected":false},"author":2,"featured_media":209361,"comment_status":"","ping_status":"","sticky":false,"template":"","format":"standard","meta":{"footnotes":""},"categories":[140],"tags":[30690,114,115,38981,147,148,12733,146,32,33,13306,38893],"class_list":{"0":"post-209360","1":"post","2":"type-post","3":"status-publish","4":"format-standard","5":"has-post-thumbnail","7":"category-filmes","8":"tag-doutor-destino","9":"tag-entertainment","10":"tag-entretenimento","11":"tag-feiticeira-escarlate","12":"tag-film","13":"tag-filmes","14":"tag-marvel-studios","15":"tag-movies","16":"tag-portugal","17":"tag-pt","18":"tag-robert-downey-jr","19":"tag-vingadores-doutor-destino"},"share_on_mastodon":{"url":"https:\/\/pubeurope.com\/@pt\/115814939508353960","error":""},"_links":{"self":[{"href":"https:\/\/www.europesays.com\/pt\/wp-json\/wp\/v2\/posts\/209360","targetHints":{"allow":["GET"]}}],"collection":[{"href":"https:\/\/www.europesays.com\/pt\/wp-json\/wp\/v2\/posts"}],"about":[{"href":"https:\/\/www.europesays.com\/pt\/wp-json\/wp\/v2\/types\/post"}],"author":[{"embeddable":true,"href":"https:\/\/www.europesays.com\/pt\/wp-json\/wp\/v2\/users\/2"}],"replies":[{"embeddable":true,"href":"https:\/\/www.europesays.com\/pt\/wp-json\/wp\/v2\/comments?post=209360"}],"version-history":[{"count":0,"href":"https:\/\/www.europesays.com\/pt\/wp-json\/wp\/v2\/posts\/209360\/revisions"}],"wp:featuredmedia":[{"embeddable":true,"href":"https:\/\/www.europesays.com\/pt\/wp-json\/wp\/v2\/media\/209361"}],"wp:attachment":[{"href":"https:\/\/www.europesays.com\/pt\/wp-json\/wp\/v2\/media?parent=209360"}],"wp:term":[{"taxonomy":"category","embeddable":true,"href":"https:\/\/www.europesays.com\/pt\/wp-json\/wp\/v2\/categories?post=209360"},{"taxonomy":"post_tag","embeddable":true,"href":"https:\/\/www.europesays.com\/pt\/wp-json\/wp\/v2\/tags?post=209360"}],"curies":[{"name":"wp","href":"https:\/\/api.w.org\/{rel}","templated":true}]}}