{"id":209370,"date":"2025-12-31T15:47:15","date_gmt":"2025-12-31T15:47:15","guid":{"rendered":"https:\/\/www.europesays.com\/pt\/209370\/"},"modified":"2025-12-31T15:47:15","modified_gmt":"2025-12-31T15:47:15","slug":"vemos-muito-de-portugal-na-europa-metsola-fala-em-portugues-para-agradecer-ambicao-do-pais-nos-40-anos-de-adesao-a-ue","status":"publish","type":"post","link":"https:\/\/www.europesays.com\/pt\/209370\/","title":{"rendered":"&#8220;Vemos muito de Portugal na Europa.&#8221; Metsola fala em portugu\u00eas para agradecer &#8220;ambi\u00e7\u00e3o&#8221; do pa\u00eds nos 40 anos de ades\u00e3o \u00e0 UE"},"content":{"rendered":"<p data-remotead-prev-elm=\"true\" data-remotead-elm-id=\"inread\">A presidente do Parlamento Europeu afirma que se v\u00ea muito de Portugal na Europa e agradece a determina\u00e7\u00e3o e ambi\u00e7\u00e3o do pa\u00eds. No dia 1 de janeiro assinala-se os 40 anos da ades\u00e3o do pa\u00eds \u00e0 Uni\u00e3o Europeia e, para assinalar esta data, Roberta Metsola deixa uma mensagem em portugu\u00eas.<\/p>\n<p>&#8220;H\u00e1 40 anos, Portugal escolheu a Europa pela sua estabilidade democr\u00e1tica e desenvolvimento econ\u00f3mico. Hoje vemos muito da Europa em Portugal, mas sobretudo vemos muito de Portugal na Europa. Obrigada pela vossa ambi\u00e7\u00e3o e determina\u00e7\u00e3o&#8221;, diz.<\/p>\n<p>Portugal aderiu \u00e0 Uni\u00e3o Europeia no dia 1 de janeiro de 1986, ao mesmo tempo que Espanha, ap\u00f3s a assinatura do Tratado de Ades\u00e3o \u00e0 Comunidade Econ\u00f3mica Europeia, que ocorreu a 12 de junho de 1985, no Mosteiro dos Jer\u00f3nimos.<\/p>\n","protected":false},"excerpt":{"rendered":"A presidente do Parlamento Europeu afirma que se v\u00ea muito de Portugal na Europa e agradece a determina\u00e7\u00e3o&hellip;\n","protected":false},"author":2,"featured_media":209371,"comment_status":"","ping_status":"","sticky":false,"template":"","format":"standard","meta":{"footnotes":""},"categories":[10],"tags":[27,28,445,15,16,14,82,25,26,21,22,62,12,13,19,20,32,23,24,33,17,18,29,30,31,636],"class_list":{"0":"post-209370","1":"post","2":"type-post","3":"status-publish","4":"format-standard","5":"has-post-thumbnail","7":"category-portugal","8":"tag-breaking-news","9":"tag-breakingnews","10":"tag-europa","11":"tag-featured-news","12":"tag-featurednews","13":"tag-headlines","14":"tag-internacional","15":"tag-latest-news","16":"tag-latestnews","17":"tag-main-news","18":"tag-mainnews","19":"tag-mundo","20":"tag-news","21":"tag-noticias","22":"tag-noticias-principais","23":"tag-noticiasprincipais","24":"tag-portugal","25":"tag-principais-noticias","26":"tag-principaisnoticias","27":"tag-pt","28":"tag-top-stories","29":"tag-topstories","30":"tag-ultimas","31":"tag-ultimas-noticias","32":"tag-ultimasnoticias","33":"tag-uniao-europeia"},"share_on_mastodon":{"url":"https:\/\/pubeurope.com\/@pt\/115814966452035000","error":""},"_links":{"self":[{"href":"https:\/\/www.europesays.com\/pt\/wp-json\/wp\/v2\/posts\/209370","targetHints":{"allow":["GET"]}}],"collection":[{"href":"https:\/\/www.europesays.com\/pt\/wp-json\/wp\/v2\/posts"}],"about":[{"href":"https:\/\/www.europesays.com\/pt\/wp-json\/wp\/v2\/types\/post"}],"author":[{"embeddable":true,"href":"https:\/\/www.europesays.com\/pt\/wp-json\/wp\/v2\/users\/2"}],"replies":[{"embeddable":true,"href":"https:\/\/www.europesays.com\/pt\/wp-json\/wp\/v2\/comments?post=209370"}],"version-history":[{"count":0,"href":"https:\/\/www.europesays.com\/pt\/wp-json\/wp\/v2\/posts\/209370\/revisions"}],"wp:featuredmedia":[{"embeddable":true,"href":"https:\/\/www.europesays.com\/pt\/wp-json\/wp\/v2\/media\/209371"}],"wp:attachment":[{"href":"https:\/\/www.europesays.com\/pt\/wp-json\/wp\/v2\/media?parent=209370"}],"wp:term":[{"taxonomy":"category","embeddable":true,"href":"https:\/\/www.europesays.com\/pt\/wp-json\/wp\/v2\/categories?post=209370"},{"taxonomy":"post_tag","embeddable":true,"href":"https:\/\/www.europesays.com\/pt\/wp-json\/wp\/v2\/tags?post=209370"}],"curies":[{"name":"wp","href":"https:\/\/api.w.org\/{rel}","templated":true}]}}