{"id":209395,"date":"2025-12-31T16:08:22","date_gmt":"2025-12-31T16:08:22","guid":{"rendered":"https:\/\/www.europesays.com\/pt\/209395\/"},"modified":"2025-12-31T16:08:22","modified_gmt":"2025-12-31T16:08:22","slug":"poderes-de-sue-storm-quase-pareceram-diferentes-em-quarteto-fantastico-revelam-artes","status":"publish","type":"post","link":"https:\/\/www.europesays.com\/pt\/209395\/","title":{"rendered":"Poderes de Sue Storm quase pareceram diferentes em Quarteto Fant\u00e1stico, revelam artes"},"content":{"rendered":"<p class=\"wp-block-yoast-seo-estimated-reading-time yoast-reading-time__wrapper\">Estimated reading time: 2 minutos<\/p>\n<p>Antes de seu resultado final, a <a href=\"https:\/\/ovicio.com.br\/tag\/marvel-studios\" target=\"_blank\" rel=\"noreferrer noopener nofollow\">Marvel Studios<\/a> apresentou diversos conceitos de como poderia traduzir os poderes de<strong> Sue Storm<\/strong> em <a href=\"https:\/\/ovicio.com.br\/filme\/quarteto-fantastico\" target=\"_blank\" rel=\"noreferrer noopener nofollow\">Quarteto Fant\u00e1stico (2025)<\/a>, e novas artes mostram essas m\u00faltiplas op\u00e7\u00f5es.<\/p>\n<p>Gra\u00e7as ao livro <strong>The Art of The Movie<\/strong> do reboot da fam\u00edlia de her\u00f3is, novas imagens conceituais das habilidades da <a href=\"https:\/\/ovicio.com.br\/tag\/mulher-invisivel\" target=\"_blank\" rel=\"noreferrer noopener nofollow\">Mulher-Invis\u00edvel<\/a> est\u00e3o sendo reveladas, destacando que os poderes da hero\u00edna quase pareceram diferentes. Veja:<\/p>\n<p>Respons\u00e1vel pela abertura da Fase 6 do MCU nas telonas, o longa-metragem traz a equipe em um universo distinto da Terra-616, o lar dos principais acontecimentos da franquia, exibindo os anos 60 em um tom futur\u00edstico.<\/p>\n<p><strong>Quarteto Fant\u00e1stico: Primeiros Passos<\/strong> arrecadou mais de <strong>US$ 500 milh\u00f5es <\/strong>em sua bilheteria global, se tornando a maior arrecada\u00e7\u00e3o da<strong> Marvel <\/strong>em 2025, enquanto o filme j\u00e1 est\u00e1 dispon\u00edvel no <a href=\"https:\/\/ovicio.com.br\/tag\/disneyplus\" target=\"_blank\" rel=\"noreferrer noopener nofollow\">Disney+<\/a>.<\/p>\n<p>Quando eles retornar\u00e3o ao universo?<\/p>\n<p>O <strong>Quarteto Fant\u00e1stico<\/strong> retornar\u00e1 no megaevento de <a href=\"https:\/\/ovicio.com.br\/tag\/vingadores-doutor-destino\" target=\"_blank\" rel=\"noreferrer noopener nofollow\">Vingadores: Doutor Destino (2026)<\/a>, unindo for\u00e7as com a equipe principal, os <strong>Thunderbolts*<\/strong>, os <strong>Wakandanos<\/strong> e os <strong>X-Men<\/strong> para lutar contra o vil\u00e3o hom\u00f4nimo.<\/p>\n<p>Ao que tudo indica, o antagonista vivido por <a href=\"https:\/\/ovicio.com.br\/tag\/robert-downey-jr\" target=\"_blank\" rel=\"noreferrer noopener nofollow\">Robert Downey Jr.<\/a> incluir\u00e1 o filho de Sue e Reed, Franklin Richards, em seus planos para remodelar o Multiverso em seus pr\u00f3prios moldes.<\/p>\n<p>O lan\u00e7amento nos cinemas est\u00e1 marcado para<strong> 18 de dezembro de 2026<\/strong>, contando com a dire\u00e7\u00e3o dos <strong>Irm\u00e3os Russo. <\/strong><\/p>\n<p>Leia mais sobre Quarteto Fant\u00e1stico:<\/p>\n<p><strong>Fonte<\/strong>: <a href=\"https:\/\/x.com\/F4NewsFr\/status\/1994800247072284878\" target=\"_blank\" rel=\"noreferrer noopener nofollow\">X\/Twitter.<\/a><\/p>\n","protected":false},"excerpt":{"rendered":"Estimated reading time: 2 minutos Antes de seu resultado final, a Marvel Studios apresentou diversos conceitos de como&hellip;\n","protected":false},"author":2,"featured_media":209396,"comment_status":"","ping_status":"","sticky":false,"template":"","format":"standard","meta":{"footnotes":""},"categories":[140],"tags":[1579,114,115,147,148,12733,146,32,33,2669,4465,38893],"class_list":{"0":"post-209395","1":"post","2":"type-post","3":"status-publish","4":"format-standard","5":"has-post-thumbnail","7":"category-filmes","8":"tag-disney","9":"tag-entertainment","10":"tag-entretenimento","11":"tag-film","12":"tag-filmes","13":"tag-marvel-studios","14":"tag-movies","15":"tag-portugal","16":"tag-pt","17":"tag-quarteto-fantastico","18":"tag-quarteto-fantastico-primeiros-passos","19":"tag-vingadores-doutor-destino"},"share_on_mastodon":{"url":"https:\/\/pubeurope.com\/@pt\/115815049063045482","error":""},"_links":{"self":[{"href":"https:\/\/www.europesays.com\/pt\/wp-json\/wp\/v2\/posts\/209395","targetHints":{"allow":["GET"]}}],"collection":[{"href":"https:\/\/www.europesays.com\/pt\/wp-json\/wp\/v2\/posts"}],"about":[{"href":"https:\/\/www.europesays.com\/pt\/wp-json\/wp\/v2\/types\/post"}],"author":[{"embeddable":true,"href":"https:\/\/www.europesays.com\/pt\/wp-json\/wp\/v2\/users\/2"}],"replies":[{"embeddable":true,"href":"https:\/\/www.europesays.com\/pt\/wp-json\/wp\/v2\/comments?post=209395"}],"version-history":[{"count":0,"href":"https:\/\/www.europesays.com\/pt\/wp-json\/wp\/v2\/posts\/209395\/revisions"}],"wp:featuredmedia":[{"embeddable":true,"href":"https:\/\/www.europesays.com\/pt\/wp-json\/wp\/v2\/media\/209396"}],"wp:attachment":[{"href":"https:\/\/www.europesays.com\/pt\/wp-json\/wp\/v2\/media?parent=209395"}],"wp:term":[{"taxonomy":"category","embeddable":true,"href":"https:\/\/www.europesays.com\/pt\/wp-json\/wp\/v2\/categories?post=209395"},{"taxonomy":"post_tag","embeddable":true,"href":"https:\/\/www.europesays.com\/pt\/wp-json\/wp\/v2\/tags?post=209395"}],"curies":[{"name":"wp","href":"https:\/\/api.w.org\/{rel}","templated":true}]}}