{"id":209417,"date":"2025-12-31T16:26:51","date_gmt":"2025-12-31T16:26:51","guid":{"rendered":"https:\/\/www.europesays.com\/pt\/209417\/"},"modified":"2025-12-31T16:26:51","modified_gmt":"2025-12-31T16:26:51","slug":"foi-revelado-o-design-destes-2-telemoveis-da-samsung-quase-a-ser-lancados","status":"publish","type":"post","link":"https:\/\/www.europesays.com\/pt\/209417\/","title":{"rendered":"Foi revelado o design destes 2 telem\u00f3veis da Samsung quase a ser lan\u00e7ados"},"content":{"rendered":"<p class=\"leading\">\n                Uma nova publica\u00e7\u00e3o sugere aquele que poder\u00e1 ser o design do Samsung Galaxy S26 e do Samsung Galaxy S26 Ultra.            <\/p>\n<p>        <img decoding=\"async\" alt=\"Samsung\" height=\"900\" src=\"https:\/\/www.europesays.com\/pt\/wp-content\/uploads\/2025\/12\/design-sem-nome-2025-12-30t131551-103.jpg\" width=\"1600\" fetchpriority=\"high\"\/><br \/>\nPoss\u00edvel design do Galaxy S26 e do Galaxy S26 Ultra (via Onleaks)<\/p>\n<p><a href=\"https:\/\/whatsapp.com\/channel\/0029Va54F7B7j6gBNXobAM16\" rel=\"nofollow noopener\" class=\"banner-deals mb20 banner-deals-rotation banner-deals-rotation--whatsapp\" target=\"_blank\"><\/p>\n<p>        Entra no nosso canal Whatsapp<br \/>e recebe as melhores ofertas<\/p>\n<p>        ENTRAR\n    <\/p>\n<p><\/a><\/p>\n<p>Nos \u00faltimos tempos, muito se tem falado sobre a nova s\u00e9rie <a href=\"https:\/\/4gnews.pt\/samsung-galaxy-s26\/\" rel=\"nofollow noopener\" target=\"_blank\">Galaxy S26<\/a> da Samsung. Ora, a mais recente novidade tem a ver com o Galaxy S26 e o Galaxy Ultra, sobre os quais surgiram novas imagens do que poder\u00e1 vir a ser o seu design. A publica\u00e7\u00e3o foi feita pelo &#8220;leaker&#8221; Onleaks, que costuma ser fi\u00e1vel no que divulga. Mesmo assim, nada \u00e9 oficial, logo devemos encarar estes rumores sempre com cautela.<\/p>\n<p>Recorde-se que, ao que tudo indica, a s\u00e9rie Galaxy S26 dever\u00e1 ser lan\u00e7ada em fevereiro de 2026. Em baixo, podes ver o look que o S26 e o S26 Ultra dever\u00e3o ter. Como \u00e9 evidente nas imagens, quer a vers\u00e3o standard quer a vers\u00e3o Ultra v\u00e3o contar com um m\u00f3dulo de c\u00e2mara traseiro em formato de ilha.<\/p>\n<p>\u00c9 de referir ainda que o telem\u00f3vel que consegues ver \u00e0 esquerda \u00e9, supostamente, o Galaxy S26 Ultra, j\u00e1 que ter\u00e1 maiores dimens\u00f5es. O telem\u00f3vel \u00e0 direita \u00e9 o Galaxy S26, por ser mais pequeno, como \u00e9 tradi\u00e7\u00e3o da Samsung. Na s\u00e9rie Galaxy S25, o ecr\u00e3 do Galaxy S25 tem 6,2 polegadas, face \u00e0s 6,9 polegadas do Galaxy S25 Ultra. A diferen\u00e7a \u00e9 bastante significativa, conforme demonstram as imagens.<\/p>\n<p>Conseguimos ver ainda que vemos duas op\u00e7\u00f5es de cor, nas fotografias. Uma delas \u00e9 branca (ou cinzento claro), com acabamentos met\u00e1licos na zona da c\u00e2mara. A outra \u00e9 em tons de preto, sem o pormenor met\u00e1lico a c\u00e2mara que acabamos de mencionar.<\/p>\n<p>\u00c9 desta que a bateria do &#8220;Ultra&#8221; quebra a barreira dos 5.000 mAh?<\/p>\n<p>Um dos aspetos que costuma ser mais criticado pelos f\u00e3s, no que toca aos telem\u00f3veis da Samsung, \u00e9 a bateria. Se repararmos, j\u00e1 l\u00e1 v\u00e3o 6 anos seguidos em que a marca sul-coreana aposta em baterias de 5.000 mAh,para os seus Galaxy S Ultra. Ainda que seja prov\u00e1vel que isso volte a acontecer, tem sido posta a hip\u00f3tese de haver uma ligeira melhoria.<\/p>\n<p>Relat\u00f3rios recentes do setor sugerem que poder\u00e1 haver uma evolu\u00e7\u00e3o para os 5.200 mAh. No entanto, nada est\u00e1 confirmado, logo, mais uma vez, devemos encarar esta hip\u00f3tese com algum ceticismo. Mesmo assim, uma coisa \u00e9 certa: nenhum f\u00e3 da Samsung diria que n\u00e3o a uma melhoria na bateria. <\/p>\n<p><a href=\"https:\/\/amzn.to\/48XMmau\" target=\"_blank\" rel=\"nofollow noreferrer noopener\"><img decoding=\"async\" alt=\"Samsung Galaxy S25\" height=\"488\" width=\"650\" class=\"lazyload\" src=\"https:\/\/www.europesays.com\/pt\/wp-content\/uploads\/2025\/12\/samsung-galaxy-s25-41vdibiqv0l-sl500.jpg\" loading=\"lazy\"\/><\/a><\/p>\n<p class=\"inline-related-title\">Editores 4gnews recomendam:<\/p>\n","protected":false},"excerpt":{"rendered":"Uma nova publica\u00e7\u00e3o sugere aquele que poder\u00e1 ser o design do Samsung Galaxy S26 e do Samsung Galaxy&hellip;\n","protected":false},"author":2,"featured_media":209418,"comment_status":"","ping_status":"","sticky":false,"template":"","format":"standard","meta":{"footnotes":""},"categories":[84],"tags":[109,107,108,32,33,105,103,104,106,110],"class_list":{"0":"post-209417","1":"post","2":"type-post","3":"status-publish","4":"format-standard","5":"has-post-thumbnail","7":"category-ciencia-e-tecnologia","8":"tag-ciencia","9":"tag-ciencia-e-tecnologia","10":"tag-cienciaetecnologia","11":"tag-portugal","12":"tag-pt","13":"tag-science","14":"tag-science-and-technology","15":"tag-scienceandtechnology","16":"tag-technology","17":"tag-tecnologia"},"share_on_mastodon":{"url":"https:\/\/pubeurope.com\/@pt\/115815123680885932","error":""},"_links":{"self":[{"href":"https:\/\/www.europesays.com\/pt\/wp-json\/wp\/v2\/posts\/209417","targetHints":{"allow":["GET"]}}],"collection":[{"href":"https:\/\/www.europesays.com\/pt\/wp-json\/wp\/v2\/posts"}],"about":[{"href":"https:\/\/www.europesays.com\/pt\/wp-json\/wp\/v2\/types\/post"}],"author":[{"embeddable":true,"href":"https:\/\/www.europesays.com\/pt\/wp-json\/wp\/v2\/users\/2"}],"replies":[{"embeddable":true,"href":"https:\/\/www.europesays.com\/pt\/wp-json\/wp\/v2\/comments?post=209417"}],"version-history":[{"count":0,"href":"https:\/\/www.europesays.com\/pt\/wp-json\/wp\/v2\/posts\/209417\/revisions"}],"wp:featuredmedia":[{"embeddable":true,"href":"https:\/\/www.europesays.com\/pt\/wp-json\/wp\/v2\/media\/209418"}],"wp:attachment":[{"href":"https:\/\/www.europesays.com\/pt\/wp-json\/wp\/v2\/media?parent=209417"}],"wp:term":[{"taxonomy":"category","embeddable":true,"href":"https:\/\/www.europesays.com\/pt\/wp-json\/wp\/v2\/categories?post=209417"},{"taxonomy":"post_tag","embeddable":true,"href":"https:\/\/www.europesays.com\/pt\/wp-json\/wp\/v2\/tags?post=209417"}],"curies":[{"name":"wp","href":"https:\/\/api.w.org\/{rel}","templated":true}]}}