{"id":209419,"date":"2025-12-31T16:27:13","date_gmt":"2025-12-31T16:27:13","guid":{"rendered":"https:\/\/www.europesays.com\/pt\/209419\/"},"modified":"2025-12-31T16:27:13","modified_gmt":"2025-12-31T16:27:13","slug":"warren-buffett-sai-de-cena-era-uma-especie-de-estrela-do-norte-para-todos-os-investidores-mercados","status":"publish","type":"post","link":"https:\/\/www.europesays.com\/pt\/209419\/","title":{"rendered":"Warren Buffett sai de cena. &#8220;Era uma esp\u00e9cie de estrela do norte para todos os investidores&#8221; &#8211; Mercados"},"content":{"rendered":"<p class=\"\">&#13;<br \/>\n        A\u00a0Berkshire Hathaway vai continuar, mas \u00e9 sem d\u00favida o fim de uma era. Esta quarta-feira, <a href=\"https:\/\/www.jornaldenegocios.pt\/empresas\/detalhe\/ao-fim-de-60-anos-buffett-deixa-as-redeas-da-berkshire\" target=\"_self\" rel=\"tag nofollow noopener\">Warren Buffett, de 95 anos, deixa a\u00a0presid\u00eancia executiva do conglomerado a que deu vida<\/a>. Em\u00edlia Vieira, CEO da Casa de Investimentos n\u00e3o hesita: &#8220;<b>\u00c9\u00a0uma sa\u00edda de cena extraordinariamente marcante. Era uma esp\u00e9cie de estrela do norte para todos os investidores&#8221;<\/b>.&#13;\n    <\/p>\n<p class=\"\">&#13;<br \/>\n        Conhecido como Or\u00e1culo de Omaha \u2013 em refer\u00eancia \u00e0 cidade onde vive e onde fica a sede da &#8216;holding&#8217; &#8211; o estilo e conselhos de investimento de Buffett foram seguidos por investidores de todo o mundo ao longo de d\u00e9cadas. Em entrevista ao programa do Neg\u00f3cios no canal NOW, Em\u00edlia Vieira diz que a sua influ\u00eancia foi essencial para o nascimento da Casa de Investimentos, uma gestora de ativos sediada em Braga. &#8220;Muitos entraram neste neg\u00f3cio exatamente por causa do Buffett, pela inspira\u00e7\u00e3o que o Buffett representa para todos. Ali\u00e1s,<b> \u00e9 exatamente por isso tamb\u00e9m que a Casa de Investimentos existe <\/b>e que se prende com a leitura de um livro sobre o Buffett chamado &#8216;Buffettology'&#8221;, recorda.&#13;\n    <\/p>\n<p class=\"\">&#13;<br \/>\n        Vieira teve a oportunidade de participar tr\u00eas vezes nos eventos anuais da Berkshire, em Ohama &#8211; eventos que movem milhares de pessoas e j\u00e1 assumem uma car\u00e1ter quase lend\u00e1rio, sendo conhecidos como\u00a0\u201cWoodstock para capitalistas\u201d. Lembra como Warren Buffett e\u00a0Charlie Munger, vice-presidente da Berkshire, respondiam, durante quatro ou cinco horas, a perguntas de jornalistas, clientes e acionistas &#8220;de forma sempre transparente, clara, com grande integridade&#8221;.\u00a0&#13;\n    <\/p>\n<p class=\"\">&#13;<br \/>\n        &#8220;A assembleia tinha cerca de 34 mil participantes nesse ano [2014], de todo o mundo. \u00c9 onde encontramos grandes investidores, onde vimos pessoas que, por si s\u00f3, j\u00e1 eram altamente reputadas, mas que<b> iam a Omaha, no fundo, para agradecer a Buffett,<\/b><b>\u00a0 iam participar de uma cerim\u00f3nia que acaba por ser muito mais uma peregrina\u00e7\u00e3o<\/b>. Muitos v\u00e3o a Omaha para lhe agradecer, s\u00e3o acionistas h\u00e1 muito tempo e ficaram muito ricos tendo a\u00e7\u00f5es da Berkshire ao longo de d\u00e9cadas&#8221;, explica.&#13;\n    <\/p>\n<p class=\"\">&#13;<br \/>\n        Em\u00edlia Vieira lembra como, nesse ano, sabendo que Buffett gostava de ukuleles &#8211; que ter\u00e3o sido levados para o Hawai por um portugu\u00eas &#8211; lhe levou um cavaquinho de presente. &#8220;E depois <b>recebi um agradecimento por e-mail, semanas depois de o ter conseguido entregar em Omaha<\/b>&#8220;, recorda, sorrindo.&#13;\n    <\/p>\n<p class=\"\">&#13;<br \/>\n        Estes eventos tiveram tal impacto em si que <a href=\"https:\/\/www.jornaldenegocios.pt\/mercados\/bolsa\/detalhe\/trump-nao-assusta-casa-de-investimentos-reforca-aposta-nos-eua\" target=\"_self\" rel=\"tag nofollow noopener\">decidiu recri\u00e1-los na\u00a0Casa de Investimentos<\/a>. &#8220;Tent\u00e1mos replicar o que \u00e9 a assembleia. No nosso caso, faz\u00eamo-la tamb\u00e9m por homenagem a Buffett no \u00faltimo s\u00e1bado de fevereiro, que \u00e9 a data em que <a href=\"https:\/\/www.jornaldenegocios.pt\/empresas\/detalhe\/warren-buffett-diz-adeus-a-gestao-da-berkshire-mas-vai-manter-se-por-perto\" target=\"_self\" rel=\"tag nofollow noopener\">saem as cartas anuais<\/a>&#8220;, indica.&#13;\n    <\/p>\n<p class=\"\">&#13;<br \/>\n        Vieira, que foi consultora na banca e lecionou finan\u00e7as em salas de mercado em v\u00e1rios s\u00edtios do mundo, diz que &#8220;\u00e9 muito diferente aquilo que o sistema financeiro faz e aquilo que faz Buffett&#8221;. &#8220;Faz o que \u00e9 melhor para os seus acionistas. <b>Ele n\u00e3o tem clientes, tem acionistas na Berkshire que, como ele, beneficiam das boas decis\u00f5es que ele toma<\/b>. \u00c9 algu\u00e9m que nunca perseguiu modas, algu\u00e9m que nunca vacilou em momentos extraordin\u00e1rios &#8211; porque ele atravessa per\u00edodos de guerras, de depress\u00f5es, de graves crises financeiras &#8211; e manteve-se sempre um baluarte, um pensamento claro em alturas t\u00e3o conturbadas&#8221;, defende.&#13;\n    <\/p>\n","protected":false},"excerpt":{"rendered":"&#13; A\u00a0Berkshire Hathaway vai continuar, mas \u00e9 sem d\u00favida o fim de uma era. Esta quarta-feira, Warren Buffett,&hellip;\n","protected":false},"author":2,"featured_media":209420,"comment_status":"","ping_status":"","sticky":false,"template":"","format":"standard","meta":{"footnotes":""},"categories":[83],"tags":[41004,3272,40931,40936,88,89,90,40930,10183,41149,32,33,12583],"class_list":{"0":"post-209419","1":"post","2":"type-post","3":"status-publish","4":"format-standard","5":"has-post-thumbnail","7":"category-empresas","8":"tag-acionista","9":"tag-acoes","10":"tag-berkshire","11":"tag-berkshire-hathaway","12":"tag-business","13":"tag-economy","14":"tag-empresas","15":"tag-fundos-de-investimento","16":"tag-investimentos","17":"tag-omaha","18":"tag-portugal","19":"tag-pt","20":"tag-warren-buffett"},"share_on_mastodon":{"url":"https:\/\/pubeurope.com\/@pt\/115815123749133824","error":""},"_links":{"self":[{"href":"https:\/\/www.europesays.com\/pt\/wp-json\/wp\/v2\/posts\/209419","targetHints":{"allow":["GET"]}}],"collection":[{"href":"https:\/\/www.europesays.com\/pt\/wp-json\/wp\/v2\/posts"}],"about":[{"href":"https:\/\/www.europesays.com\/pt\/wp-json\/wp\/v2\/types\/post"}],"author":[{"embeddable":true,"href":"https:\/\/www.europesays.com\/pt\/wp-json\/wp\/v2\/users\/2"}],"replies":[{"embeddable":true,"href":"https:\/\/www.europesays.com\/pt\/wp-json\/wp\/v2\/comments?post=209419"}],"version-history":[{"count":0,"href":"https:\/\/www.europesays.com\/pt\/wp-json\/wp\/v2\/posts\/209419\/revisions"}],"wp:featuredmedia":[{"embeddable":true,"href":"https:\/\/www.europesays.com\/pt\/wp-json\/wp\/v2\/media\/209420"}],"wp:attachment":[{"href":"https:\/\/www.europesays.com\/pt\/wp-json\/wp\/v2\/media?parent=209419"}],"wp:term":[{"taxonomy":"category","embeddable":true,"href":"https:\/\/www.europesays.com\/pt\/wp-json\/wp\/v2\/categories?post=209419"},{"taxonomy":"post_tag","embeddable":true,"href":"https:\/\/www.europesays.com\/pt\/wp-json\/wp\/v2\/tags?post=209419"}],"curies":[{"name":"wp","href":"https:\/\/api.w.org\/{rel}","templated":true}]}}