{"id":209423,"date":"2025-12-31T16:31:11","date_gmt":"2025-12-31T16:31:11","guid":{"rendered":"https:\/\/www.europesays.com\/pt\/209423\/"},"modified":"2025-12-31T16:31:11","modified_gmt":"2025-12-31T16:31:11","slug":"mariana-rios-celebra-8-dias-de-vida-do-filho-com-fotos-ineditas-tao-esperado","status":"publish","type":"post","link":"https:\/\/www.europesays.com\/pt\/209423\/","title":{"rendered":"Mariana Rios celebra 8 dias de vida do filho com fotos in\u00e9ditas: &#8216;T\u00e3o esperado&#8217;"},"content":{"rendered":"<p><a href=\"https:\/\/caras.com.br\/tags\/mariana-rios\" rel=\"nofollow noopener\" target=\"_blank\"><strong>Mariana Rios<\/strong><\/a> est\u00e1 radiante desde a chegada do filho, <a href=\"https:\/\/caras.com.br\/tags\/palo\" rel=\"nofollow noopener\" target=\"_blank\"><strong>Palo<\/strong><\/a>! O pequeno, fruto de sua uni\u00e3o com o economista <a href=\"https:\/\/caras.com.br\/tags\/juca-diniz\" rel=\"nofollow noopener\" target=\"_blank\"><strong>Juca Diniz<\/strong><\/a>, <a href=\"https:\/\/caras.com.br\/bebe\/mariana-rios-anuncia-nascimento-do-primeiro-filho-com-juca-diniz.phtml\" rel=\"nofollow noopener\" target=\"_blank\">nasceu em 22 de dezembro<\/a>, em uma maternidade em S\u00e3o Paulo, e j\u00e1 tem recebido muito carinho da fam\u00edlia.<\/p>\n<p>Na noite de ter\u00e7a-feira, 30, a atriz e apresentadora compartilhou algumas fotos in\u00e9ditas registradas recentemente e aproveitou para celebrar os oito dias de vida do beb\u00ea. Em meio aos registros, Mariana mostrou o apoio que est\u00e1 recebendo do companheiro e dos pais, <strong>Adriana Rios<\/strong> e <strong>Alonso Botelho<\/strong>, durante a recupera\u00e7\u00e3o p\u00f3s-parto.<\/p>\n<p>A famosa tamb\u00e9m revelou um registro de sua sa\u00edda da maternidade com Palo ao lado dos pais e uma foto das lembrancinhas do pequeno. No entanto, o clique que realmente roubou a cena foi o do pequeno dormindo com um look e manta branca.<\/p>\n<p>\u201c8 dias de transforma\u00e7\u00e3o e eu s\u00f3 agrade\u00e7o! T\u00e3o maravilhoso ter meus pais perto de mim, meu amor Jo\u00e3o, meu filho t\u00e3o esperado nos bra\u00e7os, nossa fam\u00edlia, nossos amigos, meu m\u00e9dico querido que cuida t\u00e3o bem de mim h\u00e1 mais de 5 anos! Obrigada Deus! Eu n\u00e3o me canso de agradecer!\u201c, escreveu Mariana Rios na legenda da postagem.<\/p>\n<p>Nos coment\u00e1rios, diversos amigos e seguidores da atriz deixaram mensagens carinhosas: \u201cQuanta alegria ver voc\u00ea vivendo esse momento maravilhoso\u201c, declarou uma internauta. \u201cMinha amiga, que alegria ver essas fotos, fico t\u00e3o feliz por voc\u00eas. Deus \u00e9 maravilhoso!\u201c, disse outra. \u201cFotos lindas e recheadas de amor!\u201c, falou uma terceira.<\/p>\n<p> Veja as fotos: <img loading=\"lazy\" decoding=\"async\" class=\"size-full wp-image-1051588 img-fluid lazy\" alt=\"Mariana Rios com o filho, Palo, e os pais - Foto: Reprodu\u00e7\u00e3o \/ Instagram @marianarios @estudio_thalitacastanha\" width=\"1080\" height=\"1122\" src=\"https:\/\/www.europesays.com\/pt\/wp-content\/uploads\/2025\/12\/mariana-rios-com-os-pais.jpg\"  \/>Mariana Rios com o filho, Palo, e os pais \u2013 Foto: Reprodu\u00e7\u00e3o \/ Instagram @marianarios @estudio_thalitacastanha <img loading=\"lazy\" decoding=\"async\" class=\"size-full wp-image-1051587 img-fluid lazy\" alt=\"Palo, filho de Mariana Rios e Juca Diniz - Foto: Reprodu\u00e7\u00e3o \/ Instagram @marianarios \" width=\"1080\" height=\"1120\" src=\"https:\/\/www.europesays.com\/pt\/wp-content\/uploads\/2025\/12\/filho-de-mariana-rios.jpg\"  \/>Palo, filho de Mariana Rios e Juca Diniz \u2013 Foto: Reprodu\u00e7\u00e3o \/ Instagram @marianarios <img loading=\"lazy\" decoding=\"async\" class=\"size-full wp-image-1051585 img-fluid lazy\" alt=\"Mariana Rios exibe lembrancinhas de maternidade do filho - Foto: Reprodu\u00e7\u00e3o \/ Instagram @marianarios \" width=\"1080\" height=\"1122\" src=\"https:\/\/www.europesays.com\/pt\/wp-content\/uploads\/2025\/12\/lembrancinhas-filho-de-mariana-rios.jpg\"  \/>Mariana Rios exibe lembrancinhas de maternidade do filho \u2013 Foto: Reprodu\u00e7\u00e3o \/ Instagram @marianarios <img loading=\"lazy\" decoding=\"async\" class=\"size-full wp-image-1051586 img-fluid lazy\" alt=\"Mariana Rios na maternidade antes do nascimento do filho - Foto: Reprodu\u00e7\u00e3o \/ Instagram @marianarios \" width=\"1080\" height=\"1122\" src=\"https:\/\/www.europesays.com\/pt\/wp-content\/uploads\/2025\/12\/mariana-rios-gravida-1-1.jpg\"  \/>Mariana Rios na maternidade antes do nascimento do filho \u2013 Foto: Reprodu\u00e7\u00e3o \/ Instagram @marianarios O an\u00fancio do nascimento de Palo <\/p>\n<p>O nascimento de Palo, primeiro filho de Mariana Rios e Juca Diniz, foi revelado pela atriz e apresentadora atrav\u00e9s das redes sociais. O an\u00fancio aconteceu em uma postagem com a foto dos papais ao lado do herdeiro momentos ap\u00f3s o parto.<\/p>\n<p>\u201c22.12.2025. Palo Rios Botelho Diniz d\u2019Avila. Deus te aben\u00e7oe, meu filho!\u201c, escreveu Mariana na legenda da imagem. Momentos depois, a famosa tamb\u00e9m mostrou <a href=\"https:\/\/caras.com.br\/bebe\/mariana-rios-impressiona-ao-mostrar-quarto-e-lembrancinhas-da-maternidade.phtml\" rel=\"nofollow noopener\" target=\"_blank\">detalhes das lembrancinhas feitas<\/a> especialmente para amigos e familiares que visitaram o pequeno na maternidade.<\/p>\n<p>Nas imagens, \u00e9 poss\u00edvel notar que a artista escolheu itens delicados e personalizados com o nome do herdeiro: velas com tampa, caixas e imagens de Nossa Senhora em porcelana. Al\u00e9m disso, docinhos tamb\u00e9m foram entregues aos visitantes.<\/p>\n<p><strong>Leia tamb\u00e9m<\/strong>: <a href=\"https:\/\/caras.com.br\/datas-especiais\/mariana-rios-encanta-ao-mostrar-foto-do-filho-recem-nascido-em-seu-primeiro-natal.phtml\" rel=\"nofollow noopener\" target=\"_blank\">Mariana Rios encanta ao mostrar foto do filho rec\u00e9m-nascido em seu primeiro Natal<\/a><\/p>\n<blockquote class=\"instagram-media\" style=\"background: #FFF; border: 0; border-radius: 3px; box-shadow: 0 0 1px 0 rgba(0,0,0,0.5),0 1px 10px 0 rgba(0,0,0,0.15); margin: 1px; max-width: 540px; min-width: 326px; padding: 0; width: calc(100% - 2px);\" data-instgrm-captioned=\"\" data-instgrm-permalink=\"https:\/\/www.instagram.com\/p\/DSlHVW9Abl-\/?utm_source=ig_embed&amp;utm_campaign=loading\" data-instgrm-version=\"14\"><\/blockquote>\n<p>        <a href=\"https:\/\/caras.com.br\/autor\/rafaela-oliveira\" rel=\"nofollow noopener\" target=\"_blank\">&#13;<br \/>\n          <img alt=\"Rafaela Oliveira\" src=\"https:\/\/www.europesays.com\/pt\/wp-content\/uploads\/2025\/12\/1767198671_306_49f5322875970d1e29e5ff2c3d4db4418044337871973cc6a09a25acab0e8ff7.png\"  class=\"avatar avatar-115 photo rounded-circle mr-3\" height=\"115\" width=\"115\" loading=\"lazy\" decoding=\"async\"\/>        <\/a><\/p>\n<p>        <strong>Rafaela Oliveira<\/strong> \u00e9 rep\u00f3rter de conte\u00fado do site CARAS. Formada em jornalismo, j\u00e1 passou por sites como MaisNovela, Portal M\u00e1rcia Piovesan, Purepeople Brasil e Jornal O Dia. Escreve sobre celebridades, TV e reality show. (email: <a href=\"https:\/\/caras.com.br\/cdn-cgi\/l\/email-protection\" class=\"__cf_email__\" data-cfemail=\"6113030e0d0817040813003e020e0d00032102001300124f020e0c4f0313\" rel=\"nofollow noopener\" target=\"_blank\">[email\u00a0protected]<\/a>)<\/p>\n<p>\t                                            <script async src=\"\/\/www.instagram.com\/embed.js\"><\/script><\/p>\n","protected":false},"excerpt":{"rendered":"Mariana Rios est\u00e1 radiante desde a chegada do filho, Palo! O pequeno, fruto de sua uni\u00e3o com o&hellip;\n","protected":false},"author":2,"featured_media":209424,"comment_status":"","ping_status":"","sticky":false,"template":"","format":"standard","meta":{"footnotes":"","_share_on_mastodon":"0"},"categories":[145],"tags":[211,210,114,115,20742,2211,15957,32,33],"class_list":["post-209423","post","type-post","status-publish","format-standard","has-post-thumbnail","category-celebridades","tag-celebridades","tag-celebrities","tag-entertainment","tag-entretenimento","tag-juca-diniz","tag-mariana-rios","tag-palo","tag-portugal","tag-pt"],"share_on_mastodon":{"url":"https:\/\/pubeurope.com\/@pt\/115815139510586096","error":""},"_links":{"self":[{"href":"https:\/\/www.europesays.com\/pt\/wp-json\/wp\/v2\/posts\/209423","targetHints":{"allow":["GET"]}}],"collection":[{"href":"https:\/\/www.europesays.com\/pt\/wp-json\/wp\/v2\/posts"}],"about":[{"href":"https:\/\/www.europesays.com\/pt\/wp-json\/wp\/v2\/types\/post"}],"author":[{"embeddable":true,"href":"https:\/\/www.europesays.com\/pt\/wp-json\/wp\/v2\/users\/2"}],"replies":[{"embeddable":true,"href":"https:\/\/www.europesays.com\/pt\/wp-json\/wp\/v2\/comments?post=209423"}],"version-history":[{"count":0,"href":"https:\/\/www.europesays.com\/pt\/wp-json\/wp\/v2\/posts\/209423\/revisions"}],"wp:featuredmedia":[{"embeddable":true,"href":"https:\/\/www.europesays.com\/pt\/wp-json\/wp\/v2\/media\/209424"}],"wp:attachment":[{"href":"https:\/\/www.europesays.com\/pt\/wp-json\/wp\/v2\/media?parent=209423"}],"wp:term":[{"taxonomy":"category","embeddable":true,"href":"https:\/\/www.europesays.com\/pt\/wp-json\/wp\/v2\/categories?post=209423"},{"taxonomy":"post_tag","embeddable":true,"href":"https:\/\/www.europesays.com\/pt\/wp-json\/wp\/v2\/tags?post=209423"}],"curies":[{"name":"wp","href":"https:\/\/api.w.org\/{rel}","templated":true}]}}