{"id":209426,"date":"2025-12-31T16:36:09","date_gmt":"2025-12-31T16:36:09","guid":{"rendered":"https:\/\/www.europesays.com\/pt\/209426\/"},"modified":"2025-12-31T16:36:09","modified_gmt":"2025-12-31T16:36:09","slug":"a-empregada-jovens-maes-e-mais-estreias-da-semana-nos-cinemas","status":"publish","type":"post","link":"https:\/\/www.europesays.com\/pt\/209426\/","title":{"rendered":"\u2018A Empregada\u2019, \u2018Jovens M\u00e3es\u2019 e mais estreias da semana nos cinemas"},"content":{"rendered":"<p data-component-name=\"paragraph\" class=\"styles__ParagraphStyled-sc-6adecn-0 gsLklW  \">O dia do ano novo trar\u00e1 tamb\u00e9m novos t\u00edtulos para os cinemas de todo o Pa\u00eds. Estrelado por <strong>Amanda Seyfried<\/strong> e <strong>Sydney Sweeney<\/strong>, <strong>A Empregada<\/strong> <a href=\"https:\/\/www.estadao.com.br\/cultura\/literatura\/a-empregada-conheca-o-livro-que-vai-virar-filme-com-sydney-sweeney-e-amanda-seyfried-nprec\/\" target=\"_blank\" rel=\"nofollow noopener\">levar\u00e1 a hist\u00f3ria de <strong>Freida McFadden<\/strong><\/a> \u00e0s telonas, enquanto <strong>Se Eu Tivesse Pernas, Eu Te Chutaria<\/strong> traz uma das atua\u00e7\u00f5es mais elogiadas da carreira de <strong>Rose Byrne<\/strong> (Amor Plat\u00f4nico).<\/p>\n<p data-component-name=\"paragraph\" class=\"styles__ParagraphStyled-sc-6adecn-0 gsLklW  \">Para as crian\u00e7as, <strong>Bob Esponja: Em Busca da Cal\u00e7a Quadrada<\/strong> ganha mais sess\u00f5es ap\u00f3s exibi\u00e7\u00f5es de pr\u00e9-estreia ao longo da \u00faltima semana.<\/p>\n<p data-component-name=\"paragraph\" class=\"styles__ParagraphStyled-sc-6adecn-0 gsLklW  \">J\u00e1 exibido no Festival de Cinema Franc\u00eas do Brasil, <strong>Jovens M\u00e3es<\/strong>, novo trabalho dos <strong>Irm\u00e3os Dardenne<\/strong>, chega ao grande circuito nacional.<\/p>\n<p data-component-name=\"paragraph\" class=\"styles__ParagraphStyled-sc-6adecn-0 gsLklW  \">Confira abaixo as estreias da semana nos cinemas:<\/p>\n<p>A Empregada<\/p>\n<p class=\"headlines\">Trailer de &#8216;A Empregada&#8217; com Sydney Sweeney e Amanda Seyfried<\/p>\n<p>1:39<\/p>\n<p><img  loading=\"lazy\" class=\"thumb lazy-load-img\"\/><\/p>\n<p class=\"description\">Adapta\u00e7\u00e3o do livro &#8216;A empregada: Bem-vinda \u00e0 fam\u00edlia&#8217;, de Freida McFadden, tem dire\u00e7\u00e3o de Paul Feig, com\u00a0roteiro de Rebecca Sonnenshine. Cr\u00e9dito: Paris Filmes\/Divulga\u00e7\u00e3o<\/p>\n<ul>\n<li class=\" \">Dire\u00e7\u00e3o: Paul Feig<\/li>\n<li class=\" \">Classifica\u00e7\u00e3o indicativa: 16 anos<\/li>\n<\/ul>\n<p data-component-name=\"paragraph\" class=\"styles__ParagraphStyled-sc-6adecn-0 gsLklW  \">Ap\u00f3s enfrentar dificuldades, Millie (Sweeney) come\u00e7a a trabalhar como bab\u00e1 na casa de Nina (Seyfried). Quanto mais ela convive com a fam\u00edlia, no entanto, ela come\u00e7a a descobrir e a se envolver em uma s\u00e9rie de segredos familiares perigosos.<\/p>\n<p>Se Eu Tivesse Pernas, Eu Te Chutaria <\/p>\n<p class=\"headlines\">Trailer de &#8216;Se Eu Tivesse Pernas, Eu Te Chutaria&#8217;: Rose Byrne interpreta m\u00e3e sobrecarregada em filme<\/p>\n<p>2:18<\/p>\n<p><img  loading=\"lazy\" class=\"thumb lazy-load-img\"\/><\/p>\n<p class=\"description\">Longa que rendeu indica\u00e7\u00e3o \u00e0 atriz no Globo de Ouro estreia nos cinemas brasileiros nesta quinta, 1\u00ba. Cr\u00e9dito: Synapse Distribution\/Divulga\u00e7\u00e3o<\/p>\n<ul>\n<li class=\" \">Dire\u00e7\u00e3o: Mary Bronstein<\/li>\n<li class=\" \">Classifica\u00e7\u00e3o indicativa: 16 anos<\/li>\n<\/ul>\n<p data-component-name=\"paragraph\" class=\"styles__ParagraphStyled-sc-6adecn-0 gsLklW  \">Cada vez mais perto de um colapso ao lidar com a doen\u00e7a da filha, a aus\u00eancia do marido e o desaparecimento de uma pessoa pr\u00f3xima, a psic\u00f3loga Linda (Byrne) desenvolve uma rela\u00e7\u00e3o pouco convencional com seu pr\u00f3prio terapeuta (<strong>Conan O\u2019Brien<\/strong>).<\/p>\n<p>Bob Esponja: Em Busca da Cal\u00e7a Quadrada<\/p>\n<p class=\"headlines\">Veja o trailer de &#8216;Bob Esponja &#8211; Em Busca da Calc\u0327a Quadrada&#8217;<\/p>\n<p>1:56<\/p>\n<p><img  loading=\"lazy\" class=\"thumb lazy-load-img\"\/><\/p>\n<p class=\"description\"> Cr\u00e9dito: Paramount\/Divulga\u00e7\u00e3o<\/p>\n<ul>\n<li class=\" \">Dire\u00e7\u00e3o: Derek Drymon<\/li>\n<li class=\" \">Classifica\u00e7\u00e3o indicativa: Livre<\/li>\n<\/ul>\n<p data-component-name=\"paragraph\" class=\"styles__ParagraphStyled-sc-6adecn-0 gsLklW  \">Determinado a mostrar sua coragem ao Sr. Sirigueijo, Bob Esponja embarca no navio assombrado do Holand\u00eas Voador, sem saber que o pirata fantasma quer us\u00e1-lo para um feiti\u00e7o que pode acabar com a vida submarina.<\/p>\n<p>Jovens M\u00e3es<\/p>\n<p class=\"headlines\">Confira o trailer de &#8216;Jovens M\u00e3es&#8217;, filme dos irm\u00e3os Dardenne<\/p>\n<p>1:37<\/p>\n<p><img  loading=\"lazy\" class=\"thumb lazy-load-img\"\/><\/p>\n<p class=\"description\">Confira o trailer de &#8216;Jovens M\u00e3es&#8217;, filme dos irm\u00e3os Dardenne.  Cr\u00e9dito: Vitrine Filmes<\/p>\n<ul>\n<li class=\" \">Dire\u00e7\u00e3o: Irm\u00e3os Dardenne<\/li>\n<li class=\" \">Classifica\u00e7\u00e3o indicativa: 16 anos<\/li>\n<\/ul>\n<p data-component-name=\"paragraph\" class=\"styles__ParagraphStyled-sc-6adecn-0 gsLklW  \">Em um lar para jovens m\u00e3es, cinco adolescentes gr\u00e1vidas de diferentes origens discutem o futuro que enxergam para seus filhos.<\/p>\n","protected":false},"excerpt":{"rendered":"O dia do ano novo trar\u00e1 tamb\u00e9m novos t\u00edtulos para os cinemas de todo o Pa\u00eds. Estrelado por&hellip;\n","protected":false},"author":2,"featured_media":209427,"comment_status":"","ping_status":"","sticky":false,"template":"","format":"standard","meta":{"footnotes":""},"categories":[140],"tags":[114,115,147,148,146,32,33,1711],"class_list":{"0":"post-209426","1":"post","2":"type-post","3":"status-publish","4":"format-standard","5":"has-post-thumbnail","7":"category-filmes","8":"tag-entertainment","9":"tag-entretenimento","10":"tag-film","11":"tag-filmes","12":"tag-movies","13":"tag-portugal","14":"tag-pt","15":"tag-sample"},"share_on_mastodon":{"url":"https:\/\/pubeurope.com\/@pt\/115815159176704852","error":""},"_links":{"self":[{"href":"https:\/\/www.europesays.com\/pt\/wp-json\/wp\/v2\/posts\/209426","targetHints":{"allow":["GET"]}}],"collection":[{"href":"https:\/\/www.europesays.com\/pt\/wp-json\/wp\/v2\/posts"}],"about":[{"href":"https:\/\/www.europesays.com\/pt\/wp-json\/wp\/v2\/types\/post"}],"author":[{"embeddable":true,"href":"https:\/\/www.europesays.com\/pt\/wp-json\/wp\/v2\/users\/2"}],"replies":[{"embeddable":true,"href":"https:\/\/www.europesays.com\/pt\/wp-json\/wp\/v2\/comments?post=209426"}],"version-history":[{"count":0,"href":"https:\/\/www.europesays.com\/pt\/wp-json\/wp\/v2\/posts\/209426\/revisions"}],"wp:featuredmedia":[{"embeddable":true,"href":"https:\/\/www.europesays.com\/pt\/wp-json\/wp\/v2\/media\/209427"}],"wp:attachment":[{"href":"https:\/\/www.europesays.com\/pt\/wp-json\/wp\/v2\/media?parent=209426"}],"wp:term":[{"taxonomy":"category","embeddable":true,"href":"https:\/\/www.europesays.com\/pt\/wp-json\/wp\/v2\/categories?post=209426"},{"taxonomy":"post_tag","embeddable":true,"href":"https:\/\/www.europesays.com\/pt\/wp-json\/wp\/v2\/tags?post=209426"}],"curies":[{"name":"wp","href":"https:\/\/api.w.org\/{rel}","templated":true}]}}