{"id":209428,"date":"2025-12-31T16:37:11","date_gmt":"2025-12-31T16:37:11","guid":{"rendered":"https:\/\/www.europesays.com\/pt\/209428\/"},"modified":"2025-12-31T16:37:11","modified_gmt":"2025-12-31T16:37:11","slug":"meteram-o-dedinho-e-foram-para-a-taberna-festejar-as-frases-imperdiveis-do-ano","status":"publish","type":"post","link":"https:\/\/www.europesays.com\/pt\/209428\/","title":{"rendered":"Meteram \u00abo dedinho\u00bb e foram para a taberna festejar: as frases imperd\u00edveis do ano"},"content":{"rendered":"<p>Foi em Alvalade que Ian Cathro soltou uma das melhores frases do ano e, apenas dois meses depois, ouviu-se Rui Borges a responder \u00e0 letra aos comentadores para defender o seu \u00abtiki-taska\u00bb.<\/p>\n<p>E quem n\u00e3o se lembra de Viktor Gy\u00f6keres no Marqu\u00eas? A dobradinha era \u00abgordinha\u00bb, no entanto, o sueco acabou mesmo agarrado a Ricardo Esgaio no momento de despedida.\u00a0<\/p>\n<p>E, depois, veio o ver\u00e3o. E\u00a0Gy\u00f6keres voltou a ser protagonista. Ele e o seu empres\u00e1rio, em guerra aberta com Frederico Varandas, que tamb\u00e9m n\u00e3o se deixou ficar.<\/p>\n<p>A nova \u00e9poca estava a come\u00e7ar e o universo benfiquista deu uma volta de todo o tamanho. Sentado do outro lado da barricada, Jos\u00e9 Mourinho massajou o ego de Bruno Lage e invejou o plantel do conterr\u00e2neo, at\u00e9 que, menos de um m\u00eas depois, lhe ficou com o lugar e s\u00f3 quis \u00abmeter o dedinho\u00bb na equipa.<\/p>\n<p>J\u00e1 Francesco Farioli e Andr\u00e9 Villas-Boas, n\u00e3o quiseram acabar 2025 sem uma bicada aos rivais lisboetas, enquanto Cristiano Ronaldo reservou tempo de ecr\u00e3 com Piers Morgan &#8211; mais uma vez com declara\u00e7\u00f5es pol\u00e9micas.<\/p>\n<p>S\u00e3o apenas dez, mas podiam ser muitas mais! Confira, na galeria associada, <a href=\"https:\/\/maisfutebol.iol.pt\/fotogaleria\/694fc05bd34e3caad84cd3c4\/as-dez-melhores-frases-do-ano\" target=\"_blank\" rel=\"nofollow noopener\"><strong>as melhores frases de 2025<\/strong><\/a> para o <strong>Maisfutebol<\/strong>.<\/p>\n","protected":false},"excerpt":{"rendered":"Foi em Alvalade que Ian Cathro soltou uma das melhores frases do ano e, apenas dois meses depois,&hellip;\n","protected":false},"author":2,"featured_media":209429,"comment_status":"","ping_status":"","sticky":false,"template":"","format":"standard","meta":{"footnotes":""},"categories":[87],"tags":[3980,32377,41152,40943,51,667,135,2095,282,41151,41150,44,46,7864,462,32,33,47,3880,34,134,16321,3042],"class_list":{"0":"post-209428","1":"post","2":"type-post","3":"status-publish","4":"format-standard","5":"has-post-thumbnail","7":"category-desporto","8":"tag-3980","9":"tag-balanco","10":"tag-balancos","11":"tag-balancos-2025","12":"tag-benfica","13":"tag-cristiano-ronaldo","14":"tag-desporto","15":"tag-farioli","16":"tag-fc-porto","17":"tag-frases-2025","18":"tag-frases-do-ano","19":"tag-gyokeres","20":"tag-maisfutebol","21":"tag-mourinho","22":"tag-porto","23":"tag-portugal","24":"tag-pt","25":"tag-pura-paixao","26":"tag-rui-borges","27":"tag-sporting","28":"tag-sports","29":"tag-varandas","30":"tag-villas-boas"},"share_on_mastodon":{"url":"https:\/\/pubeurope.com\/@pt\/115815163079649545","error":""},"_links":{"self":[{"href":"https:\/\/www.europesays.com\/pt\/wp-json\/wp\/v2\/posts\/209428","targetHints":{"allow":["GET"]}}],"collection":[{"href":"https:\/\/www.europesays.com\/pt\/wp-json\/wp\/v2\/posts"}],"about":[{"href":"https:\/\/www.europesays.com\/pt\/wp-json\/wp\/v2\/types\/post"}],"author":[{"embeddable":true,"href":"https:\/\/www.europesays.com\/pt\/wp-json\/wp\/v2\/users\/2"}],"replies":[{"embeddable":true,"href":"https:\/\/www.europesays.com\/pt\/wp-json\/wp\/v2\/comments?post=209428"}],"version-history":[{"count":0,"href":"https:\/\/www.europesays.com\/pt\/wp-json\/wp\/v2\/posts\/209428\/revisions"}],"wp:featuredmedia":[{"embeddable":true,"href":"https:\/\/www.europesays.com\/pt\/wp-json\/wp\/v2\/media\/209429"}],"wp:attachment":[{"href":"https:\/\/www.europesays.com\/pt\/wp-json\/wp\/v2\/media?parent=209428"}],"wp:term":[{"taxonomy":"category","embeddable":true,"href":"https:\/\/www.europesays.com\/pt\/wp-json\/wp\/v2\/categories?post=209428"},{"taxonomy":"post_tag","embeddable":true,"href":"https:\/\/www.europesays.com\/pt\/wp-json\/wp\/v2\/tags?post=209428"}],"curies":[{"name":"wp","href":"https:\/\/api.w.org\/{rel}","templated":true}]}}