{"id":209467,"date":"2025-12-31T17:13:08","date_gmt":"2025-12-31T17:13:08","guid":{"rendered":"https:\/\/www.europesays.com\/pt\/209467\/"},"modified":"2025-12-31T17:13:08","modified_gmt":"2025-12-31T17:13:08","slug":"joao-monteiro-partilha-foto-inedita-sera-que-sou-o-unico-a-achar-que-assim-e-que-faz-sentido","status":"publish","type":"post","link":"https:\/\/www.europesays.com\/pt\/209467\/","title":{"rendered":"Jo\u00e3o Monteiro partilha foto in\u00e9dita: &#8220;Ser\u00e1 que sou o \u00fanico a achar que assim \u00e9 que faz sentido?&#8221;"},"content":{"rendered":"<p>O \u00faltimo dia do ano \u00e9 sin\u00f3nimo de exerc\u00edcio f\u00edsico para <a href=\"https:\/\/selfie.iol.pt\/famosos\/cristina-ferreira\/ha-uma-pergunta-que-joao-monteiro-faz-todos-os-dias-a-cristina-ferreira-e-a-apresentadora-partilha-qual-e\/20261229\/6952e991d34e2bd5c6d59fb6\" target=\"_blank\" rel=\"nofollow noopener\">Jo\u00e3o Monteiro<\/a>, tal como o pr\u00f3prio demonstrou, recorrendo ao Instagram.<\/p>\n<p>Nessa rede social, o treinador de t\u00e9nis partilhou uma fotografia, na qual surge num gin\u00e1sio. E, na legenda do registo, Jo\u00e3o Monteiro acabou por deixar uma inusitada observa\u00e7\u00e3o.<\/p>\n<p>&#8220;Ser\u00e1 que sou o \u00fanico a achar que assim \u00e9 que faz sentido? O mais pesado n\u00e3o ficar em baixo de tudo?&#8221;, questionou o namorado de <a href=\"https:\/\/selfie.iol.pt\/famosos\/cristina-ferreira\/ha-uma-pergunta-que-joao-monteiro-faz-todos-os-dias-a-cristina-ferreira-e-a-apresentadora-partilha-qual-e\/20261229\/6952e991d34e2bd5c6d59fb6\" target=\"_blank\" rel=\"nofollow noopener\">Cristina Ferreira<\/a>, referindo-se aos pesos que encontrou nesse gin\u00e1sio.<\/p>\n<p>Veja, agora, algumas das melhores imagens de Jo\u00e3o Monteiro nas galerias de fotografias que prepar\u00e1mos para si.<\/p>\n<p><img decoding=\"async\" alt=\"\" onclick=\"\" src=\"https:\/\/www.europesays.com\/pt\/wp-content\/uploads\/2025\/12\/1767201188_996_1024.jpeg\" title=\"Jo\u00e3o Monteiro\"\/><\/p>\n","protected":false},"excerpt":{"rendered":"O \u00faltimo dia do ano \u00e9 sin\u00f3nimo de exerc\u00edcio f\u00edsico para Jo\u00e3o Monteiro, tal como o pr\u00f3prio demonstrou,&hellip;\n","protected":false},"author":2,"featured_media":209468,"comment_status":"","ping_status":"","sticky":false,"template":"","format":"standard","meta":{"footnotes":""},"categories":[145],"tags":[211,210,166,114,115,1616,980,8652,1015,6470,619,32,33,1012,3592],"class_list":{"0":"post-209467","1":"post","2":"type-post","3":"status-publish","4":"format-standard","5":"has-post-thumbnail","7":"category-celebridades","8":"tag-celebridades","9":"tag-celebrities","10":"tag-cristina-ferreira","11":"tag-entertainment","12":"tag-entretenimento","13":"tag-exercicio-fisico","14":"tag-famosos","15":"tag-ginasio","16":"tag-instagram","17":"tag-joao-monteiro","18":"tag-nacional","19":"tag-portugal","20":"tag-pt","21":"tag-selfie","22":"tag-treino"},"share_on_mastodon":{"url":"https:\/\/pubeurope.com\/@pt\/115815304604333240","error":""},"_links":{"self":[{"href":"https:\/\/www.europesays.com\/pt\/wp-json\/wp\/v2\/posts\/209467","targetHints":{"allow":["GET"]}}],"collection":[{"href":"https:\/\/www.europesays.com\/pt\/wp-json\/wp\/v2\/posts"}],"about":[{"href":"https:\/\/www.europesays.com\/pt\/wp-json\/wp\/v2\/types\/post"}],"author":[{"embeddable":true,"href":"https:\/\/www.europesays.com\/pt\/wp-json\/wp\/v2\/users\/2"}],"replies":[{"embeddable":true,"href":"https:\/\/www.europesays.com\/pt\/wp-json\/wp\/v2\/comments?post=209467"}],"version-history":[{"count":0,"href":"https:\/\/www.europesays.com\/pt\/wp-json\/wp\/v2\/posts\/209467\/revisions"}],"wp:featuredmedia":[{"embeddable":true,"href":"https:\/\/www.europesays.com\/pt\/wp-json\/wp\/v2\/media\/209468"}],"wp:attachment":[{"href":"https:\/\/www.europesays.com\/pt\/wp-json\/wp\/v2\/media?parent=209467"}],"wp:term":[{"taxonomy":"category","embeddable":true,"href":"https:\/\/www.europesays.com\/pt\/wp-json\/wp\/v2\/categories?post=209467"},{"taxonomy":"post_tag","embeddable":true,"href":"https:\/\/www.europesays.com\/pt\/wp-json\/wp\/v2\/tags?post=209467"}],"curies":[{"name":"wp","href":"https:\/\/api.w.org\/{rel}","templated":true}]}}