{"id":209479,"date":"2025-12-31T17:22:17","date_gmt":"2025-12-31T17:22:17","guid":{"rendered":"https:\/\/www.europesays.com\/pt\/209479\/"},"modified":"2025-12-31T17:22:17","modified_gmt":"2025-12-31T17:22:17","slug":"samsung-galaxy-s26-subida-de-preco-nao-e-a-unica-razao-para-pensares-duas-vezes","status":"publish","type":"post","link":"https:\/\/www.europesays.com\/pt\/209479\/","title":{"rendered":"Samsung Galaxy S26: subida de pre\u00e7o n\u00e3o \u00e9 a \u00fanica raz\u00e3o para pensares duas vezes"},"content":{"rendered":"<p class=\"leading\">\n                Os Samsung Galaxy S26 devem chegar ao mercado mais caros que os seus antecessores. Por\u00e9m, h\u00e1 outro detalhe que pode afastar os consumidores.            <\/p>\n<p class=\"article-image \"><img decoding=\"async\" alt=\"Samsung Galaxy S26\" height=\"900\" src=\"https:\/\/www.europesays.com\/pt\/wp-content\/uploads\/2025\/12\/galaxy-s25-sucessor.jpg\" width=\"1600\" fetchpriority=\"high\"\/><\/p>\n<p><a href=\"https:\/\/whatsapp.com\/channel\/0029Va54F7B7j6gBNXobAM16\" rel=\"nofollow noopener\" class=\"banner-deals mb20 banner-deals-rotation banner-deals-rotation--whatsapp\" target=\"_blank\"><\/p>\n<p>        Entra no nosso canal Whatsapp<br \/>e recebe as melhores ofertas<\/p>\n<p>        ENTRAR\n    <\/p>\n<p><\/a><\/p>\n<p>Os <a href=\"https:\/\/4gnews.pt\/samsung-galaxy-s26\/\" rel=\"nofollow noopener\" target=\"_blank\">Samsung Galaxy S26<\/a> est\u00e3o longe de agradar aos f\u00e3s por diversas raz\u00f5es. Desde uma certa falta de inova\u00e7\u00e3o \u00e0 expect\u00e1vel <a href=\"https:\/\/4gnews.pt\/prepara-a-carteira-o-samsung-galaxy-s26-vai-ser-mais-caro-esta-e-a-razao\/\" rel=\"nofollow noopener\" target=\"_blank\">subida dos pre\u00e7os<\/a>, somos agora confrontados com outro detalhe que promete deixar os f\u00e3s furiosos.<\/p>\n<p>Samsung Galaxy S26 devem chegar sem incentivos de pr\u00e9-compra<\/p>\n<p>De acordo com as previs\u00f5es de @kro_roe, a Samsung ir\u00e1 abolir as tradicionais ofertas de pr\u00e9-venda nos Galaxy S26. Ou seja, al\u00e9m de teres de pagar mais do que nos seus antecessores, n\u00e3o ter\u00e1s nenhuma vantagem em ser dos primeiros a reservar um exemplar destes topos de gama.<\/p>\n<p>There\u2019s a strong possibility that the S26 pre-order will come with a significant price hike, and the double storage offer may be gone as well.<\/p>\n<p>\u2014 kro (@kro_roe) <a href=\"https:\/\/twitter.com\/kro_roe\/status\/2005962261534499274?ref_src=twsrc%5Etfw\" rel=\"nofollow noopener\" target=\"_blank\">30 de dezembro de 2025<\/a><\/p>\n<p>Nos \u00faltimos anos a Samsung tem brindado os seus clientes com o dobro do armazenamento pelo mesmo pre\u00e7o. Segundo aquilo que agora \u00e9 adiantado, nem sequer esse incentivo estar\u00e1 ao dispor dos potenciais compradores.<\/p>\n<p>Como \u00e9 \u00f3bvio, este rumor \u00e9 algo que deixa os f\u00e3s dos smartphones da Samsung em alerta pelas piores raz\u00f5es. Al\u00e9m de gerar um certo sentimento de discrimina\u00e7\u00e3o face aos anos anteriores, esta estrat\u00e9gia n\u00e3o d\u00e1 raz\u00f5es aos consumidores para comprarem imediatamente o seu exemplar.<\/p>\n<p>Com as previs\u00f5es de uma evolu\u00e7\u00e3o t\u00edmida e sem incentivos de pr\u00e9-compra, os Galaxy S26 arriscam-se a ter um dos piores desempenhos no lan\u00e7amento dos \u00faltimos anos. Afinal de contas, se comprar logo n\u00e3o traz vantagem, talvez seja melhor aguardar para perceber se realmente faz sentido comprar estes smartphones.<\/p>\n<p>Como \u00e9 \u00f3bvio, nada disto \u00e9 oficial e temos mesmo de aguardar pelo lan\u00e7amento dos Galaxy S26 para esclarecer este tema. Conforme nos aproximar-mos da apresenta\u00e7\u00e3o destes equipamentos, \u00e9 prov\u00e1vel que este tema volte a ser abordado.<\/p>\n<p>Quando chegam os Samsung Galaxy S26?<\/p>\n<p>Tudo indica que os Samsung Galaxy S26 chegar\u00e3o mais tarde que o habitual. Alguns rumores apontam para uma apresenta\u00e7\u00e3o apenas em fevereiro.<\/p>\n<p>Esse rumor aponta para uma apresenta\u00e7\u00e3o no dia 25 de fevereiro. Se isso acontecer, significa que s\u00f3 veremos estes equipamentos nas prateleiras das lojas no in\u00edcio de mar\u00e7o.<\/p>\n<p>Portanto, ainda estamos algo distantes desse aguardado momento onde ser\u00e1 poss\u00edvel esclarecer qual a estrat\u00e9gia da Samsung para o lan\u00e7amento dos Galaxy S26. At\u00e9 l\u00e1, devemos manter-nos cautelosos.<\/p>\n<p><a href=\"https:\/\/amzn.to\/45Dy8d6\" target=\"_blank\" rel=\"nofollow noreferrer noopener\"><img decoding=\"async\" alt=\"Samsung Galaxy S25\" height=\"830\" width=\"679\" class=\"lazyload\" src=\"https:\/\/www.europesays.com\/pt\/wp-content\/uploads\/2025\/12\/51oe31kahnl-ac-sx679-1.jpg\" loading=\"lazy\"\/><\/a><\/p>\n<p>749,00 \u20acAmazon<\/p>\n<p>775,00 \u20ac-3%<\/p>\n<p class=\"inline-related-title\">Editores 4gnews recomendam:<\/p>\n<p>            <script async src=\"https:\/\/platform.twitter.com\/widgets.js\" charset=\"utf-8\"><\/script><\/p>\n","protected":false},"excerpt":{"rendered":"Os Samsung Galaxy S26 devem chegar ao mercado mais caros que os seus antecessores. Por\u00e9m, h\u00e1 outro detalhe&hellip;\n","protected":false},"author":2,"featured_media":209480,"comment_status":"","ping_status":"","sticky":false,"template":"","format":"standard","meta":{"footnotes":""},"categories":[84],"tags":[109,107,108,32,33,105,103,104,106,110],"class_list":{"0":"post-209479","1":"post","2":"type-post","3":"status-publish","4":"format-standard","5":"has-post-thumbnail","7":"category-ciencia-e-tecnologia","8":"tag-ciencia","9":"tag-ciencia-e-tecnologia","10":"tag-cienciaetecnologia","11":"tag-portugal","12":"tag-pt","13":"tag-science","14":"tag-science-and-technology","15":"tag-scienceandtechnology","16":"tag-technology","17":"tag-tecnologia"},"share_on_mastodon":{"url":"https:\/\/pubeurope.com\/@pt\/115815340047238352","error":""},"_links":{"self":[{"href":"https:\/\/www.europesays.com\/pt\/wp-json\/wp\/v2\/posts\/209479","targetHints":{"allow":["GET"]}}],"collection":[{"href":"https:\/\/www.europesays.com\/pt\/wp-json\/wp\/v2\/posts"}],"about":[{"href":"https:\/\/www.europesays.com\/pt\/wp-json\/wp\/v2\/types\/post"}],"author":[{"embeddable":true,"href":"https:\/\/www.europesays.com\/pt\/wp-json\/wp\/v2\/users\/2"}],"replies":[{"embeddable":true,"href":"https:\/\/www.europesays.com\/pt\/wp-json\/wp\/v2\/comments?post=209479"}],"version-history":[{"count":0,"href":"https:\/\/www.europesays.com\/pt\/wp-json\/wp\/v2\/posts\/209479\/revisions"}],"wp:featuredmedia":[{"embeddable":true,"href":"https:\/\/www.europesays.com\/pt\/wp-json\/wp\/v2\/media\/209480"}],"wp:attachment":[{"href":"https:\/\/www.europesays.com\/pt\/wp-json\/wp\/v2\/media?parent=209479"}],"wp:term":[{"taxonomy":"category","embeddable":true,"href":"https:\/\/www.europesays.com\/pt\/wp-json\/wp\/v2\/categories?post=209479"},{"taxonomy":"post_tag","embeddable":true,"href":"https:\/\/www.europesays.com\/pt\/wp-json\/wp\/v2\/tags?post=209479"}],"curies":[{"name":"wp","href":"https:\/\/api.w.org\/{rel}","templated":true}]}}