{"id":209557,"date":"2025-12-31T18:36:10","date_gmt":"2025-12-31T18:36:10","guid":{"rendered":"https:\/\/www.europesays.com\/pt\/209557\/"},"modified":"2025-12-31T18:36:10","modified_gmt":"2025-12-31T18:36:10","slug":"sindicato-dos-trabalhadores-de-entidades-publicas-anuncia-greve-de-um-ano-na-saude","status":"publish","type":"post","link":"https:\/\/www.europesays.com\/pt\/209557\/","title":{"rendered":"Sindicato dos Trabalhadores de Entidades P\u00fablicas anuncia greve de um ano na sa\u00fade"},"content":{"rendered":"<p>                O Sindicato Nacional dos Trabalhadores dos Servi\u00e7os e de Entidades com Fins P\u00fablicos anunciou hoje uma greve nacional de todos os trabalhadores da sa\u00fade, que ter\u00e1 in\u00edcio na quinta-feira e se prolonga por todo o ano de 2026.<\/p>\n<p>O pr\u00e9-aviso de greve, entregue na ter\u00e7a-feira, abrange todos os trabalhadores da sa\u00fade, independentemente do v\u00ednculo, carreira ou filia\u00e7\u00e3o sindical, (incluindo M\u00e9dicos, Enfermeiros, T\u00e9cnicos Superiores de Diagn\u00f3stico e Terap\u00eautica, T\u00e9cnicos Auxiliares de Sa\u00fade, Assistentes Operacionais e restantes profissionais do setor) durante todo o ano de 2026 (1 de janeiro a 31 de dezembro), com incid\u00eancia nas horas extraordin\u00e1rias e cirurgias adicionais no \u00e2mbito do SIGIC-Sistema Integrado de Gest\u00e3o de Inscritos para Cirurgia.<\/p>\n<p>Em comunicado, o secret\u00e1rio coordenador do sindicato, Ant\u00f3nio Moreira, explica que o protesto visa exigir do Governo &#8220;o cumprimento de reivindica\u00e7\u00f5es h\u00e1 muito ignoradas&#8221;.<\/p>\n<p>Ant\u00f3nio Moreira apontou a reposi\u00e7\u00e3o dos pontos do SIADAP (Sistema Integrado de Gest\u00e3o e Avalia\u00e7\u00e3o do Desempenho na Administra\u00e7\u00e3o P\u00fablica) retirados aos trabalhadores como contagem de tempo de servi\u00e7o para progress\u00e3o remunerat\u00f3ria, a regulariza\u00e7\u00e3o das avalia\u00e7\u00f5es de desempenho (SIADAP 3), o reconhecimento da carreira de T\u00e9cnico Auxiliar de Sa\u00fade como profiss\u00e3o de desgaste r\u00e1pido, a contrata\u00e7\u00e3o de pessoal, pondo fim ao uso abusivo de turnos suplementares e jornadas de 16 horas consecutivas e a aplica\u00e7\u00e3o do subs\u00eddio de risco \u00e0s carreiras de T\u00e9cnico Auxiliar de Sa\u00fade e Enfermagem.<\/p>\n<p>&#8220;O Servi\u00e7o Nacional de Sa\u00fade vive um colapso silencioso. Os profissionais est\u00e3o exaustos, precarizados e com falta de atratividade no posto de trabalho. Entreg\u00e1mos um aviso de greve v\u00e1lido para todo o ano de 2026, o que significa que qualquer dia pode ser dia de paralisa\u00e7\u00e3o se o Governo continuar a ignorar quem garante os cuidados de sa\u00fade dos portugueses&#8221;, considera.<\/p>\n<p>Acrescenta que os servi\u00e7os m\u00ednimos ser\u00e3o assegurados em servi\u00e7os que funcionem ininterruptamente 24 horas por dia, nos sete dias da semana, sendo que tais servi\u00e7os ser\u00e3o fundamentalmente assegurados pelos trabalhadores que n\u00e3o pretendam exercer o seu legitimo direito \u00e0 greve.&#13;\n            <\/p>\n","protected":false},"excerpt":{"rendered":"O Sindicato Nacional dos Trabalhadores dos Servi\u00e7os e de Entidades com Fins P\u00fablicos anunciou hoje uma greve nacional&hellip;\n","protected":false},"author":2,"featured_media":209558,"comment_status":"","ping_status":"","sticky":false,"template":"","format":"standard","meta":{"footnotes":""},"categories":[8],"tags":[27,28,15,16,14,25,26,21,22,12,13,19,20,32,23,24,33,420,421,17,18,29,30,31],"class_list":{"0":"post-209557","1":"post","2":"type-post","3":"status-publish","4":"format-standard","5":"has-post-thumbnail","7":"category-principais-noticias","8":"tag-breaking-news","9":"tag-breakingnews","10":"tag-featured-news","11":"tag-featurednews","12":"tag-headlines","13":"tag-latest-news","14":"tag-latestnews","15":"tag-main-news","16":"tag-mainnews","17":"tag-news","18":"tag-noticias","19":"tag-noticias-principais","20":"tag-noticiasprincipais","21":"tag-portugal","22":"tag-principais-noticias","23":"tag-principaisnoticias","24":"tag-pt","25":"tag-rtp","26":"tag-rtp-noticias","27":"tag-top-stories","28":"tag-topstories","29":"tag-ultimas","30":"tag-ultimas-noticias","31":"tag-ultimasnoticias"},"share_on_mastodon":{"url":"https:\/\/pubeurope.com\/@pt\/115815631030537473","error":""},"_links":{"self":[{"href":"https:\/\/www.europesays.com\/pt\/wp-json\/wp\/v2\/posts\/209557","targetHints":{"allow":["GET"]}}],"collection":[{"href":"https:\/\/www.europesays.com\/pt\/wp-json\/wp\/v2\/posts"}],"about":[{"href":"https:\/\/www.europesays.com\/pt\/wp-json\/wp\/v2\/types\/post"}],"author":[{"embeddable":true,"href":"https:\/\/www.europesays.com\/pt\/wp-json\/wp\/v2\/users\/2"}],"replies":[{"embeddable":true,"href":"https:\/\/www.europesays.com\/pt\/wp-json\/wp\/v2\/comments?post=209557"}],"version-history":[{"count":0,"href":"https:\/\/www.europesays.com\/pt\/wp-json\/wp\/v2\/posts\/209557\/revisions"}],"wp:featuredmedia":[{"embeddable":true,"href":"https:\/\/www.europesays.com\/pt\/wp-json\/wp\/v2\/media\/209558"}],"wp:attachment":[{"href":"https:\/\/www.europesays.com\/pt\/wp-json\/wp\/v2\/media?parent=209557"}],"wp:term":[{"taxonomy":"category","embeddable":true,"href":"https:\/\/www.europesays.com\/pt\/wp-json\/wp\/v2\/categories?post=209557"},{"taxonomy":"post_tag","embeddable":true,"href":"https:\/\/www.europesays.com\/pt\/wp-json\/wp\/v2\/tags?post=209557"}],"curies":[{"name":"wp","href":"https:\/\/api.w.org\/{rel}","templated":true}]}}