{"id":209610,"date":"2025-12-31T19:32:21","date_gmt":"2025-12-31T19:32:21","guid":{"rendered":"https:\/\/www.europesays.com\/pt\/209610\/"},"modified":"2025-12-31T19:32:21","modified_gmt":"2025-12-31T19:32:21","slug":"fotogaleria-o-ano-de-2025-em-180-imagens-observador","status":"publish","type":"post","link":"https:\/\/www.europesays.com\/pt\/209610\/","title":{"rendered":"Fotogaleria. O ano de 2025 em 180 imagens \u2013 Observador"},"content":{"rendered":"<p>A fotogaleria acima \u2014 que est\u00e1 por ordem cronol\u00f3gica \u2014 mostra uma sele\u00e7\u00e3o das melhores fotografias que os fotojornalistas que colaboraram em 2025 com o Observador tiraram para ilustrar as not\u00edcias, reportagens e entrevistas mais marcantes do ano. Da pol\u00edtica \u00e0 cultura, do desporto \u00e0 economia, da sociedade ao lifestyle. Mas n\u00e3o s\u00f3: atrav\u00e9s das ag\u00eancias de not\u00edcias internacionais, como a Reuters e a Getty Images, mostramos tamb\u00e9m as imagens do que de mais importante aconteceu no mundo.<\/p>\n<p>Em Portugal, o ano ficou marcado por mais umas elei\u00e7\u00f5es legislativas, as terceiras em quatro anos. O Governo de Lu\u00eds Montenegro viu rejeitada, com votos contra de todos os partidos da oposi\u00e7\u00e3o, \u00e0 exce\u00e7\u00e3o da Iniciativa Liberal, a mo\u00e7\u00e3o de confian\u00e7a. Chumbada a mo\u00e7\u00e3o de confian\u00e7a, as elei\u00e7\u00f5es foram convocadas para o dia\u00a018 de maio e deram a vit\u00f3ria, novamente sem maioria absoluta, \u00e0 AD liderada por Montenegro. O grande derrotado dessa noite foi o PS que passou a ser a terceira maior for\u00e7a pol\u00edtica e Pedro Nuno Santos, que acabou a noite eleitoral a demitir-se do cargo de Secret\u00e1rio-Geral do partido. O Chega de Andr\u00e9 Ventura voltou a cresceu e passou a ter 60 deputados, tornando-se assim o partido da oposi\u00e7\u00e3o.<\/p>\n<p>Outro acontecimento que marcou Portugal foi o apag\u00e3o de 28 de abril. Passavam poucos minutos das 11h30 quando uma falha na rede el\u00e9trica ib\u00e9rica deixou todo o territ\u00f3rio continental sem eletricidade, afetando tamb\u00e9m Espanha, Andorra e parte do sul de Fran\u00e7a. A energia foi sendo reposta de forma faseada ao longo da tarde e noite. As investiga\u00e7\u00f5es preliminares de peritos europeus apontaram como causa mais prov\u00e1vel uma subida de tens\u00e3o em cascata na rede espanhola, devido a flutua\u00e7\u00f5es de energia, levando \u00e0 desconex\u00e3o de outras centrais e perda de sincronismo com a rede europeia.<\/p>\n<p>A 3 de setembro de 2025 deu-se, em Lisboa, uma trag\u00e9dia que teve cobertura medi\u00e1tica internacional. O descarrilamento do Elevador da Gl\u00f3ria, provocou 17 mortes e 23 feridos.<\/p>\n<p>No contexto internacional, os conflitos no M\u00e9dio Oriente e na Ucr\u00e2nia continuaram apesar de algumas aproxima\u00e7\u00f5es para tentar alcan\u00e7ar a paz \u2014 foi alcan\u00e7ado um cessar-fogo em Gaza e as reuni\u00f5es entre Trump e\u00a0Zelensky t\u00eam resultado em alguns progressos, mas nenhum em definitivo.<\/p>\n<p>Tiradas um pouco por todo o pa\u00eds e em v\u00e1rios pa\u00edses do globo, as imagens da fotogaleria acima s\u00e3o da autoria dos fotojornalistas Andr\u00e9 Dias Nobre, Diogo Ventura, Duarte Drago, Filipe Amorim, Francisco Rom\u00e3o Pereira, Hugo Moreira, Igor Martins, Jo\u00e3o Porf\u00edrio, Maria Jo\u00e3o Gala, Tom\u00e1s Silva e de fotojornalistas da Ag\u00eancia Lusa, Reuters e Getty Images.<\/p>\n","protected":false},"excerpt":{"rendered":"A fotogaleria acima \u2014 que est\u00e1 por ordem cronol\u00f3gica \u2014 mostra uma sele\u00e7\u00e3o das melhores fotografias que os&hellip;\n","protected":false},"author":2,"featured_media":209611,"comment_status":"","ping_status":"","sticky":false,"template":"","format":"standard","meta":{"footnotes":""},"categories":[8],"tags":[207,27,28,315,15,16,20286,2085,14,25,26,21,22,12,13,19,20,861,32,23,24,33,17,18,29,30,31],"class_list":{"0":"post-209610","1":"post","2":"type-post","3":"status-publish","4":"format-standard","5":"has-post-thumbnail","7":"category-principais-noticias","8":"tag-arte","9":"tag-breaking-news","10":"tag-breakingnews","11":"tag-cultura","12":"tag-featured-news","13":"tag-featurednews","14":"tag-fotogaleria","15":"tag-fotografia","16":"tag-headlines","17":"tag-latest-news","18":"tag-latestnews","19":"tag-main-news","20":"tag-mainnews","21":"tag-news","22":"tag-noticias","23":"tag-noticias-principais","24":"tag-noticiasprincipais","25":"tag-observador","26":"tag-portugal","27":"tag-principais-noticias","28":"tag-principaisnoticias","29":"tag-pt","30":"tag-top-stories","31":"tag-topstories","32":"tag-ultimas","33":"tag-ultimas-noticias","34":"tag-ultimasnoticias"},"share_on_mastodon":{"url":"https:\/\/pubeurope.com\/@pt\/115815851587579800","error":""},"_links":{"self":[{"href":"https:\/\/www.europesays.com\/pt\/wp-json\/wp\/v2\/posts\/209610","targetHints":{"allow":["GET"]}}],"collection":[{"href":"https:\/\/www.europesays.com\/pt\/wp-json\/wp\/v2\/posts"}],"about":[{"href":"https:\/\/www.europesays.com\/pt\/wp-json\/wp\/v2\/types\/post"}],"author":[{"embeddable":true,"href":"https:\/\/www.europesays.com\/pt\/wp-json\/wp\/v2\/users\/2"}],"replies":[{"embeddable":true,"href":"https:\/\/www.europesays.com\/pt\/wp-json\/wp\/v2\/comments?post=209610"}],"version-history":[{"count":0,"href":"https:\/\/www.europesays.com\/pt\/wp-json\/wp\/v2\/posts\/209610\/revisions"}],"wp:featuredmedia":[{"embeddable":true,"href":"https:\/\/www.europesays.com\/pt\/wp-json\/wp\/v2\/media\/209611"}],"wp:attachment":[{"href":"https:\/\/www.europesays.com\/pt\/wp-json\/wp\/v2\/media?parent=209610"}],"wp:term":[{"taxonomy":"category","embeddable":true,"href":"https:\/\/www.europesays.com\/pt\/wp-json\/wp\/v2\/categories?post=209610"},{"taxonomy":"post_tag","embeddable":true,"href":"https:\/\/www.europesays.com\/pt\/wp-json\/wp\/v2\/tags?post=209610"}],"curies":[{"name":"wp","href":"https:\/\/api.w.org\/{rel}","templated":true}]}}