{"id":209614,"date":"2025-12-31T19:34:14","date_gmt":"2025-12-31T19:34:14","guid":{"rendered":"https:\/\/www.europesays.com\/pt\/209614\/"},"modified":"2025-12-31T19:34:14","modified_gmt":"2025-12-31T19:34:14","slug":"morre-cecilia-gimenez-idosa-espanhola-famosa-por-restauracao-peculiar-de-retrato-de-cristo","status":"publish","type":"post","link":"https:\/\/www.europesays.com\/pt\/209614\/","title":{"rendered":"Morre Cecilia Gim\u00e9nez, idosa espanhola famosa por restaura\u00e7\u00e3o peculiar de retrato de Cristo"},"content":{"rendered":"\n<p class=\" content-text__container theme-color-primary-first-letter\" data-track-category=\"Link no Texto\" data-track-links=\"\"> A idosa espanhola que se tornou uma ins\u00f3lita estrela mundial em 2012, ap\u00f3s sua restaura\u00e7\u00e3o fracassada de um retrato de Cristo que provocou risos de internautas ao redor do mundo e atraiu curiosos para sua tranquila cidade no nordeste da Espanha, faleceu aos 94 anos. <\/p>\n<p class=\" content-text__container \" data-track-category=\"Link no Texto\" data-track-links=\"\"> &#8220;Em agosto de 2012, veio \u00e0 tona a famosa restaura\u00e7\u00e3o do Ecce homo de Borja, que devido ao mau estado de conserva\u00e7\u00e3o que apresentava, Cecilia, com a melhor das inten\u00e7\u00f5es, decidiu repintar a obra por cima&#8221;, lembrou, em uma mensagem postada no Facebook, a funda\u00e7\u00e3o que administra o santu\u00e1rio onde o quadro continua exposto, e que anunciou o falecimento. <\/p>\n<p class=\" content-text__container \" data-track-category=\"Link no Texto\" data-track-links=\"\"> &#8220;Cecilia Gim\u00e9nez se tornou, assim, um dos personagens mais famosos de 2012, que at\u00e9 hoje segue despertando interesse, n\u00e3o s\u00f3 das pessoas que se aproximam do Santu\u00e1rio da Miseric\u00f3rdia, lugar que adorava, mas tamb\u00e9m de diversos meios de comunica\u00e7\u00e3o&#8221;, acrescentou a nota. <\/p>\n<p class=\" content-text__container \" data-track-category=\"Link no Texto\" data-track-links=\"\"> A ent\u00e3o octogen\u00e1ria Cecilia Gim\u00e9nez obteve fama mundial ao restaurar um afresco pintado por um artista local na parede do santu\u00e1rio barroco em Borja. O trabalho da restauradora amadora n\u00e3o tinha nada a ver com o original: um &#8216;Ecce Homo&#8217; de tra\u00e7os finos com uma coroa de espinhos, pintado por El\u00edas Garc\u00eda Mart\u00ednez na d\u00e9cada de 1910. <\/p>\n<p class=\" content-text__container \" data-track-category=\"Link no Texto\" data-track-links=\"\"> A obra n\u00e3o estava catalogada, nem fazia parte do conjunto art\u00edstico barroco da igreja. Imediatamente, a &#8220;restaura\u00e7\u00e3o&#8221; virou piada entre os internautas, originando imita\u00e7\u00f5es em todo o mundo a partir de retratos do ent\u00e3o rei da Espanha Juan Carlos I, de Michael Jackson ou de Homer Simpson. <\/p>\n<p class=\" content-text__container \" data-track-category=\"Link no Texto\" data-track-links=\"\"> Como prova do sucesso de seu feito, no ano seguinte, cerca de 57 mil visitantes passaram pelo santu\u00e1rio de Nossa Senhora da Miseric\u00f3rdia para tirar fotos ao lado do Cristo desfigurado. <\/p>\n","protected":false},"excerpt":{"rendered":"A idosa espanhola que se tornou uma ins\u00f3lita estrela mundial em 2012, ap\u00f3s sua restaura\u00e7\u00e3o fracassada de um&hellip;\n","protected":false},"author":2,"featured_media":209615,"comment_status":"","ping_status":"","sticky":false,"template":"","format":"standard","meta":{"footnotes":""},"categories":[144],"tags":[207,205,206,203,201,202,204,114,115,32,33],"class_list":{"0":"post-209614","1":"post","2":"type-post","3":"status-publish","4":"format-standard","5":"has-post-thumbnail","7":"category-arte-e-design","8":"tag-arte","9":"tag-arte-e-design","10":"tag-artedesign","11":"tag-arts","12":"tag-arts-and-design","13":"tag-artsanddesign","14":"tag-design","15":"tag-entertainment","16":"tag-entretenimento","17":"tag-portugal","18":"tag-pt"},"share_on_mastodon":{"url":"https:\/\/pubeurope.com\/@pt\/115815859040838656","error":""},"_links":{"self":[{"href":"https:\/\/www.europesays.com\/pt\/wp-json\/wp\/v2\/posts\/209614","targetHints":{"allow":["GET"]}}],"collection":[{"href":"https:\/\/www.europesays.com\/pt\/wp-json\/wp\/v2\/posts"}],"about":[{"href":"https:\/\/www.europesays.com\/pt\/wp-json\/wp\/v2\/types\/post"}],"author":[{"embeddable":true,"href":"https:\/\/www.europesays.com\/pt\/wp-json\/wp\/v2\/users\/2"}],"replies":[{"embeddable":true,"href":"https:\/\/www.europesays.com\/pt\/wp-json\/wp\/v2\/comments?post=209614"}],"version-history":[{"count":0,"href":"https:\/\/www.europesays.com\/pt\/wp-json\/wp\/v2\/posts\/209614\/revisions"}],"wp:featuredmedia":[{"embeddable":true,"href":"https:\/\/www.europesays.com\/pt\/wp-json\/wp\/v2\/media\/209615"}],"wp:attachment":[{"href":"https:\/\/www.europesays.com\/pt\/wp-json\/wp\/v2\/media?parent=209614"}],"wp:term":[{"taxonomy":"category","embeddable":true,"href":"https:\/\/www.europesays.com\/pt\/wp-json\/wp\/v2\/categories?post=209614"},{"taxonomy":"post_tag","embeddable":true,"href":"https:\/\/www.europesays.com\/pt\/wp-json\/wp\/v2\/tags?post=209614"}],"curies":[{"name":"wp","href":"https:\/\/api.w.org\/{rel}","templated":true}]}}