{"id":209620,"date":"2025-12-31T19:42:17","date_gmt":"2025-12-31T19:42:17","guid":{"rendered":"https:\/\/www.europesays.com\/pt\/209620\/"},"modified":"2025-12-31T19:42:17","modified_gmt":"2025-12-31T19:42:17","slug":"lg-revela-a-gallery-tv-uma-televisao-que-promete-concorrer-com-a-the-frame-da-samsung","status":"publish","type":"post","link":"https:\/\/www.europesays.com\/pt\/209620\/","title":{"rendered":"LG revela a Gallery TV, uma televis\u00e3o que promete concorrer com a The Frame da Samsung"},"content":{"rendered":"<p>&#8211; Publicidade &#8211;<\/p>\n<p><strong>A nova LG Gallery TV aposta em design de quadro, painel Mini-LED e arte digital para desafiar a proposta da Samsung.<\/strong><\/p>\n<p>Com a <strong>CES 2026<\/strong> a aproximar-se, a <strong>LG<\/strong> prepara a sua entrada num segmento at\u00e9 agora muito associado \u00e0 <strong>Samsung<\/strong>: o das televis\u00f5es pensadas tamb\u00e9m como pe\u00e7as decorativas. A nova <strong>Gallery TV<\/strong> foi <a href=\"https:\/\/www.lg.com\/global\/newsroom\/news\/media-entertainment-solution\/lg-electronics-expands-its-lifestyle-tv-lineup-with-the-new-art-inspired-gallery-tv\/\" data-type=\"link\" data-id=\"https:\/\/www.lg.com\/global\/newsroom\/news\/media-entertainment-solution\/lg-electronics-expands-its-lifestyle-tv-lineup-with-the-new-art-inspired-gallery-tv\/\" target=\"_blank\" rel=\"noreferrer noopener external nofollow\" data-wpel-link=\"external\">oficialmente anunciada<\/a> e surge como resposta direta \u00e0 <strong><a href=\"https:\/\/echoboomer.pt\/samsung-the-frame-tv-obra-de-arte\/\" data-type=\"link\" data-id=\"https:\/\/echoboomer.pt\/samsung-the-frame-tv-obra-de-arte\/\" target=\"_blank\" rel=\"noreferrer noopener follow nofollow\" data-wpel-link=\"internal\">The Frame<\/a><\/strong>, sendo, no fundo, uma extens\u00e3o da experi\u00eancia oferecida pelo servi\u00e7o <strong>LG Gallery+,<\/strong> com mais de 4.500 obras de arte.<\/p>\n<p>Dispon\u00edvel em modelos de 55 e 65 polegadas, a LG Gallery TV apresenta um design fino, com montagem na parede alinhada ao plano e molduras magn\u00e9ticas personaliz\u00e1veis, tudo pensado para se integrar na decora\u00e7\u00e3o da casa. Ou seja, uma esp\u00e9cie de quadro digital.<\/p>\n<p>Para isso, l\u00e1 est\u00e1, \u00e9 preciso recorrer ao servi\u00e7o LG Gallery+, que funciona como uma plataforma de curadoria interior. A biblioteca inclui obras que s\u00e3o atualizadas mensalmente e abrange desde arte cl\u00e1ssica a cenas cinematogr\u00e1ficas, imagens de videojogos e anima\u00e7\u00f5es, permitindo personalizar os espa\u00e7os conforme o gosto do utilizador. Al\u00e9m das op\u00e7\u00f5es pr\u00e9-definidas, \u00e9 poss\u00edvel criar imagens com Intelig\u00eancia Artificial generativa ou exibir fotografias pessoais. O servi\u00e7o permite ainda incorporar m\u00fasica ambiente, escolhendo entre faixas internas ou reproduzindo playlists via <strong>Bluetooth<\/strong>.<\/p>\n<p>E para emular ao m\u00e1ximo essa sensa\u00e7\u00e3o de galeria de arte dentro de casa, a LG Gallery TV conta com o modo Gallery, que ajusta automaticamente cor e brilho, recriando a textura visual de obras originais. A tecnologia do ecr\u00e3 minimiza reflexos e reduz o brilho, garantindo uma visualiza\u00e7\u00e3o mais pr\u00f3xima da experi\u00eancia de uma exposi\u00e7\u00e3o. Al\u00e9m disso, o televisor adapta a qualidade de imagem \u00e0 luz ambiente, mantendo a clareza ao longo do dia.<\/p>\n<p>Do ponto de vista t\u00e9cnico, trata-se de uma televis\u00e3o Mini-LED com resolu\u00e7\u00e3o 4K, equipada com o processador <strong>Alpha 7 AI<\/strong>. O som tamb\u00e9m promete n\u00e3o deixar a desejar, com suporte para <strong>AI Sound Pro<\/strong>, que simula um sistema de 9.1.2 canais, para que n\u00e3o tenham de pensar em adquirir uma barra de som \u00e0 parte.<\/p>\n<p>Apesar de a Gallery TV estar confirmada para apresenta\u00e7\u00e3o na CES 2026, os detalhes sobre pre\u00e7os e data de lan\u00e7amento continuam por revelar. At\u00e9 l\u00e1, t\u00eam sempre solu\u00e7\u00f5es como a j\u00e1 mencionada The Frame, da Samsung, ou op\u00e7\u00f5es mais amigas da carteira, como a <strong>TV ART MATTE<\/strong>, da <strong>Create<\/strong>.<\/p>\n","protected":false},"excerpt":{"rendered":"&#8211; Publicidade &#8211; A nova LG Gallery TV aposta em design de quadro, painel Mini-LED e arte digital&hellip;\n","protected":false},"author":2,"featured_media":209621,"comment_status":"","ping_status":"","sticky":false,"template":"","format":"standard","meta":{"footnotes":""},"categories":[84],"tags":[109,107,108,32,33,105,103,104,106,110],"class_list":{"0":"post-209620","1":"post","2":"type-post","3":"status-publish","4":"format-standard","5":"has-post-thumbnail","7":"category-ciencia-e-tecnologia","8":"tag-ciencia","9":"tag-ciencia-e-tecnologia","10":"tag-cienciaetecnologia","11":"tag-portugal","12":"tag-pt","13":"tag-science","14":"tag-science-and-technology","15":"tag-scienceandtechnology","16":"tag-technology","17":"tag-tecnologia"},"share_on_mastodon":{"url":"https:\/\/pubeurope.com\/@pt\/115815890485301184","error":""},"_links":{"self":[{"href":"https:\/\/www.europesays.com\/pt\/wp-json\/wp\/v2\/posts\/209620","targetHints":{"allow":["GET"]}}],"collection":[{"href":"https:\/\/www.europesays.com\/pt\/wp-json\/wp\/v2\/posts"}],"about":[{"href":"https:\/\/www.europesays.com\/pt\/wp-json\/wp\/v2\/types\/post"}],"author":[{"embeddable":true,"href":"https:\/\/www.europesays.com\/pt\/wp-json\/wp\/v2\/users\/2"}],"replies":[{"embeddable":true,"href":"https:\/\/www.europesays.com\/pt\/wp-json\/wp\/v2\/comments?post=209620"}],"version-history":[{"count":0,"href":"https:\/\/www.europesays.com\/pt\/wp-json\/wp\/v2\/posts\/209620\/revisions"}],"wp:featuredmedia":[{"embeddable":true,"href":"https:\/\/www.europesays.com\/pt\/wp-json\/wp\/v2\/media\/209621"}],"wp:attachment":[{"href":"https:\/\/www.europesays.com\/pt\/wp-json\/wp\/v2\/media?parent=209620"}],"wp:term":[{"taxonomy":"category","embeddable":true,"href":"https:\/\/www.europesays.com\/pt\/wp-json\/wp\/v2\/categories?post=209620"},{"taxonomy":"post_tag","embeddable":true,"href":"https:\/\/www.europesays.com\/pt\/wp-json\/wp\/v2\/tags?post=209620"}],"curies":[{"name":"wp","href":"https:\/\/api.w.org\/{rel}","templated":true}]}}