{"id":209624,"date":"2025-12-31T19:46:12","date_gmt":"2025-12-31T19:46:12","guid":{"rendered":"https:\/\/www.europesays.com\/pt\/209624\/"},"modified":"2025-12-31T19:46:12","modified_gmt":"2025-12-31T19:46:12","slug":"zelensky-negoceia-tropas-e-questoes-territoriais-com-os-eua-observador","status":"publish","type":"post","link":"https:\/\/www.europesays.com\/pt\/209624\/","title":{"rendered":"Zelensky negoceia tropas e quest\u00f5es territoriais com os EUA \u2013 Observador"},"content":{"rendered":"<p><a href=\"https:\/\/observador.pt\/wp-admin\/admin.php?page=liveblogs_admin-new&amp;liveblog_id=7870359\" rel=\"nofollow noopener\" target=\"_blank\">Acompanhe o nosso artigo em direto sobre a guerra na Ucr\u00e2nia<\/a><\/p>\n<p>O Presidente da Ucr\u00e2nia, Volodymyr Zelensky, garantiu aos jornalistas numa conversa de WhatsApp <a href=\"https:\/\/www.reuters.com\/business\/aerospace-defense\/zelenskiy-discusses-us-troop-presence-ukraine-with-trump-2025-12-30\/\" rel=\"nofollow noopener\" target=\"_blank\">citada pela Reuters<\/a> que a presen\u00e7a de tropas norte-americanas dentro de territ\u00f3rio ucraniano estava a ser negociado com os EUA e a administra\u00e7\u00e3o de Donald Trump, como parte das garantias de seguran\u00e7a. Antes, na noite de segunda-feira, o l\u00edder ucraniano sublinhou numa entrevista \u00e0 <a href=\"https:\/\/www.foxnews.com\/video\/6387046216112\" rel=\"nofollow noopener\" target=\"_blank\">Fox News<\/a> que o plano negociado com os EUA estava quase todo acordado, faltando acertar as quest\u00f5es mais complicadas, nomeadamente os territ\u00f3rios do Donbass.<\/p>\n<p>Para Zelensky, conseguir chegar a um acordo com Washington sobre uma presen\u00e7a militar daria uma \u201c<strong>posi\u00e7\u00e3o muito forte nas garantias de seguran\u00e7a<\/strong>\u201c. \u201cClaro, estamos a <strong>discutir isto com o Presidente Trump<\/strong> e com representantes da coliga\u00e7\u00e3o [das vontades]. N\u00f3s queremos isto\u201d.<\/p>\n<p>O Presidente da Ucr\u00e2nia revelou tamb\u00e9m que\u00a0disse ao hom\u00f3logo norte-americano que estava \u201cpronto para qualquer formato de encontro com Putin\u201d.\u00a0\u201cN\u00e3o tenho medo de nenhum formato. A quest\u00e3o principal \u00e9 que os russos n\u00e3o tenham medo\u201d.<\/p>\n<p>A conversa com os jornalistas surgiu no rescaldo do encontro em Mar-a-Lago entre Zelensky e Trump, onde as negocia\u00e7\u00f5es tiveram um avan\u00e7o largamente positivo, como real\u00e7ou o pr\u00f3prio na entrevista \u00e0 Fox News.<\/p>\n<p>O l\u00edder ucraniano revelou que conseguiram \u201cum acordo de \u00e0 volta de 90%\u201d, restando ainda resolver a \u201cquest\u00e3o dif\u00edcil\u201d e \u201cespinhosa\u201d dos territ\u00f3rios ocupados e disputados entre os dois pa\u00edses \u2014 Lugansk, Donetsk, Kherson, Zapor\u00edjia e Crimeia. Para Zelensky estes s\u00e3o territ\u00f3rios que as for\u00e7as de Kiev n\u00e3o podem abandonar.<\/p>\n<p>\u201cSimplesmente n\u00e3o podemos retirar-nos dos nossos territ\u00f3rios. Mas n\u00e3o \u00e9 apenas a lei\u201d, disse. \u201cVivem l\u00e1 pessoas, 300 mil pessoas. N\u00e3o as podemos perder\u201d, acrescentou.<\/p>\n<p>Volodymyr Zelensky voltou a mostrar-se grato a Trump pelos esfor\u00e7os de paz e pela reuni\u00e3o \u201cmuito produtiva\u201d ente ambos, sublinhando que Washington quer \u201cencontrar um compromisso\u201d entre Kiev e Moscovo, notando a sua proposta de uma \u201czona econ\u00f3mica livre\u201d para essas regi\u00f5es.<\/p>\n<p>O Presidente da Ucr\u00e2nia foi tamb\u00e9m questionado sobre as declara\u00e7\u00f5es do Chefe de Estado dos EUA durante a confer\u00eancia de imprensa conjunta na segunda-feira, em que Trump disse que Putin quer \u201co sucesso da Ucr\u00e2nia\u201d.<\/p>\n<p>\u201c<strong>N\u00e3o confio nos russos<\/strong>\u201c, disse Zelensky. \u201cN\u00e3o confio em Putin e ele n\u00e3o quer o sucesso da Ucr\u00e2nia, realmente n\u00e3o quer\u201d, sublinhando que o Presidente russo pode dizer isso a Trump mas que \u201cn\u00e3o \u00e9 verdade\u201d.<\/p>\n<p>Questionado sobre as alega\u00e7\u00f5es de respons\u00e1veis norte-americanos de que a Ucr\u00e2nia estaria a \u201cperder\u201d a guerra, Zelensky disse n\u00e3o concordar, mesmo admitindo que est\u00e3o a perder territ\u00f3rios na linha da frente.<\/p>\n<p>\u201c\u00c9 compreens\u00edvel que, quando a <strong>R\u00fassia est\u00e1 a ocupar cerca de tr\u00eas mil quil\u00f3metros por ano,<\/strong> parece que n\u00e3o estamos a ganhar. Mas n\u00e3o \u00e9 um facto real\u201d, disse, afirmando que \u201co pre\u00e7o destes tr\u00eas mil quil\u00f3metros\u201d por ano \u00e9 agora maior do que era no in\u00edcio do ano. \u201c<strong>Se olhar para as pessoas, est\u00e3o a perder. Se olhar para o territ\u00f3rio, est\u00e3o a ganhar<\/strong>\u201c, sublinhou.<\/p>\n<p>Para se manterem na batalha, disse ainda Zelensky, o apoio militar vindo dos Estados Unidos \u00e9 essencial. \u201cConseguimos vencer sem o apoio americano? N\u00e3o, n\u00e3o conseguimos\u201d, frisou, afirmando que, sem esse apoio, n\u00e3o conseguem \u201cdefender o c\u00e9u\u201d. \u201cMesmo agora, \u00e9 muito dif\u00edcil. Mas o apoio americano com m\u00edsseis para defesa a\u00e9rea \u00e9 realmente \u00fatil e forte em qualquer caso. A R\u00fassia usa centenas e milhares de drones e m\u00edsseis\u201d, revelou ainda.<\/p>\n","protected":false},"excerpt":{"rendered":"Acompanhe o nosso artigo em direto sobre a guerra na Ucr\u00e2nia O Presidente da Ucr\u00e2nia, Volodymyr Zelensky, garantiu&hellip;\n","protected":false},"author":2,"featured_media":209625,"comment_status":"","ping_status":"","sticky":false,"template":"","format":"standard","meta":{"footnotes":""},"categories":[8],"tags":[27,28,445,15,16,1123,14,25,26,21,22,62,12,13,19,20,32,23,24,33,17,18,1124,29,30,31,2416],"class_list":{"0":"post-209624","1":"post","2":"type-post","3":"status-publish","4":"format-standard","5":"has-post-thumbnail","7":"category-principais-noticias","8":"tag-breaking-news","9":"tag-breakingnews","10":"tag-europa","11":"tag-featured-news","12":"tag-featurednews","13":"tag-guerra-na-ucru00e2nia","14":"tag-headlines","15":"tag-latest-news","16":"tag-latestnews","17":"tag-main-news","18":"tag-mainnews","19":"tag-mundo","20":"tag-news","21":"tag-noticias","22":"tag-noticias-principais","23":"tag-noticiasprincipais","24":"tag-portugal","25":"tag-principais-noticias","26":"tag-principaisnoticias","27":"tag-pt","28":"tag-top-stories","29":"tag-topstories","30":"tag-ucru00e2nia","31":"tag-ultimas","32":"tag-ultimas-noticias","33":"tag-ultimasnoticias","34":"tag-volodymyr-zelensky"},"share_on_mastodon":{"url":"https:\/\/pubeurope.com\/@pt\/115815906270120903","error":""},"_links":{"self":[{"href":"https:\/\/www.europesays.com\/pt\/wp-json\/wp\/v2\/posts\/209624","targetHints":{"allow":["GET"]}}],"collection":[{"href":"https:\/\/www.europesays.com\/pt\/wp-json\/wp\/v2\/posts"}],"about":[{"href":"https:\/\/www.europesays.com\/pt\/wp-json\/wp\/v2\/types\/post"}],"author":[{"embeddable":true,"href":"https:\/\/www.europesays.com\/pt\/wp-json\/wp\/v2\/users\/2"}],"replies":[{"embeddable":true,"href":"https:\/\/www.europesays.com\/pt\/wp-json\/wp\/v2\/comments?post=209624"}],"version-history":[{"count":0,"href":"https:\/\/www.europesays.com\/pt\/wp-json\/wp\/v2\/posts\/209624\/revisions"}],"wp:featuredmedia":[{"embeddable":true,"href":"https:\/\/www.europesays.com\/pt\/wp-json\/wp\/v2\/media\/209625"}],"wp:attachment":[{"href":"https:\/\/www.europesays.com\/pt\/wp-json\/wp\/v2\/media?parent=209624"}],"wp:term":[{"taxonomy":"category","embeddable":true,"href":"https:\/\/www.europesays.com\/pt\/wp-json\/wp\/v2\/categories?post=209624"},{"taxonomy":"post_tag","embeddable":true,"href":"https:\/\/www.europesays.com\/pt\/wp-json\/wp\/v2\/tags?post=209624"}],"curies":[{"name":"wp","href":"https:\/\/api.w.org\/{rel}","templated":true}]}}