{"id":209631,"date":"2025-12-31T19:56:15","date_gmt":"2025-12-31T19:56:15","guid":{"rendered":"https:\/\/www.europesays.com\/pt\/209631\/"},"modified":"2025-12-31T19:56:15","modified_gmt":"2025-12-31T19:56:15","slug":"whatsapp-prepara-a-passagem-de-ano-para-2026-com-novidades","status":"publish","type":"post","link":"https:\/\/www.europesays.com\/pt\/209631\/","title":{"rendered":"WhatsApp prepara a passagem de ano para 2026 com novidades"},"content":{"rendered":"<p>A Meta tem procurado dar ao WhatsApp todas as funcionalidades ajustadas a cada momento. Isso \u00e9 poss\u00edvel ver em cada celebra\u00e7\u00e3o e em cada momento especial. H\u00e1 sempre um pack de stickers ou um efeito especial. Com 2025 a chegar ao fim, \u00e9 hora de come\u00e7ar a comemorar 2026 e a preparar a sua chegada. Para isso, o WhatsApp prepara agora a passagem de ano para 2026 com novidades festivas.<\/p>\n<p><a target=\"_blank\" href=\"https:\/\/pplware.sapo.pt\/wp-content\/uploads\/2024\/11\/whatsapp_confettis_emojis_1.jpg\" onclick=\"refreshIframe()\" class=\"foobox\" rel=\"nofollow noopener\"><img fetchpriority=\"high\" decoding=\"async\" src=\"https:\/\/www.europesays.com\/pt\/wp-content\/uploads\/2025\/12\/whatsapp_confettis_emojis_1-1024x576.jpg\" alt=\"WhatsApp passagem ano 2026\" width=\"720\" height=\"405\" class=\"aligncenter size-large wp-image-1027173\"  \/><\/a>\n<\/p>\n<p>Novidades para a passagem de ano no WhatsApp<\/p>\n<p>A noite de passagem de ano \u00e9, indiscutivelmente, o momento de maior tr\u00e1fego para as plataformas de comunica\u00e7\u00e3o, e o WhatsApp n\u00e3o \u00e9 exce\u00e7\u00e3o. Com o aproximar de 2026, a aplica\u00e7\u00e3o da Meta <a target=\"_blank\" href=\"https:\/\/blog.whatsapp.com\/helping-billions-ring-in-the-new-year-on-whatsapp\" rel=\"nofollow noopener\">anunciou<\/a> um conjunto de funcionalidades exclusivas para celebrar a entrada no novo ano. Estas novidades surgem num contexto em que o servi\u00e7o regista habitualmente recordes de utiliza\u00e7\u00e3o, superando a m\u00e9dia di\u00e1ria de 100 mil milh\u00f5es de mensagens e 2 mil milh\u00f5es de chamadas.<\/p>\n<p>Para marcar esta data festiva, o servi\u00e7o de mensagens introduziu ferramentas que prometem tornar as intera\u00e7\u00f5es mais din\u00e2micas e coloridas. Entre os destaques encontra-se um novo pacote de stickers dedicado a 2026, permitindo aos utilizadores partilhar os seus votos de forma r\u00e1pida e expressiva. <\/p>\n<p>Al\u00e9m disso, as videochamadas ganham agora uma nova vida com efeitos visuais interativos. Ao tocar no \u00edcone de efeitos durante uma chamada, ser\u00e1 poss\u00edvel ativar anima\u00e7\u00f5es de fogo de artif\u00edcio, confetes e estrelas, iluminando o ecr\u00e3 dos participantes e aproximando quem est\u00e1 longe. Outra adi\u00e7\u00e3o relevante \u00e9 o regresso das rea\u00e7\u00f5es animadas com confetes. <\/p>\n<p><a target=\"_blank\" href=\"https:\/\/pplware.sapo.pt\/wp-content\/uploads\/2025\/12\/whatsapp_passage_ano_1.jpg\" onclick=\"refreshIframe()\" class=\"foobox\" rel=\"nofollow noopener\"><img loading=\"lazy\" decoding=\"async\" src=\"https:\/\/www.europesays.com\/pt\/wp-content\/uploads\/2025\/12\/whatsapp_passage_ano_1-1024x576.jpg\" alt=\"WhatsApp passagem ano 2026\" width=\"720\" height=\"405\" class=\"aligncenter size-large wp-image-1095974\"  \/><\/a><\/p>\n<p>Dicas essenciais para sair de 2025 em grupo<\/p>\n<p>Ao reagir a uma mensagem com o emoji de confete, a aplica\u00e7\u00e3o apresenta agora uma anima\u00e7\u00e3o especial, refor\u00e7ando o esp\u00edrito de celebra\u00e7\u00e3o. Pela primeira vez, os utilizadores tamb\u00e9m poder\u00e3o utilizar stickers animados nas atualiza\u00e7\u00f5es de Estado, com um esquema visual criado especificamente para a entrada no novo ano. Para al\u00e9m das funcionalidades visuais, o WhatsApp refor\u00e7a a sua utilidade na organiza\u00e7\u00e3o de eventos. <\/p>\n<p>A plataforma sugere a utiliza\u00e7\u00e3o de ferramentas j\u00e1 existentes para facilitar o planeamento de festas em grupos. A cria\u00e7\u00e3o de eventos fixados no topo da conversa permite manter todos os participantes informados sobre os detalhes da celebra\u00e7\u00e3o e recolher as confirma\u00e7\u00f5es de presen\u00e7a de forma organizada. <\/p>\n<p>As sondagens apresentam-se como uma solu\u00e7\u00e3o pr\u00e1tica para decidir ementas ou atividades, enquanto a partilha de localiza\u00e7\u00e3o em tempo real garante que todos chegam ao destino em seguran\u00e7a. Para aqueles que n\u00e3o podem estar presentes fisicamente, o envio de notas de v\u00eddeo e voz surge como uma alternativa para captar e partilhar momentos aut\u00eanticos da festa. Isso garante que ningu\u00e9m fica de fora das celebra\u00e7\u00f5es de boas-vindas a 2026.<\/p>\n","protected":false},"excerpt":{"rendered":"A Meta tem procurado dar ao WhatsApp todas as funcionalidades ajustadas a cada momento. Isso \u00e9 poss\u00edvel ver&hellip;\n","protected":false},"author":2,"featured_media":209632,"comment_status":"","ping_status":"","sticky":false,"template":"","format":"standard","meta":{"footnotes":""},"categories":[84],"tags":[2837,6163,109,107,108,41172,32,33,105,103,104,106,110,894],"class_list":{"0":"post-209631","1":"post","2":"type-post","3":"status-publish","4":"format-standard","5":"has-post-thumbnail","7":"category-ciencia-e-tecnologia","8":"tag-2837","9":"tag-ano","10":"tag-ciencia","11":"tag-ciencia-e-tecnologia","12":"tag-cienciaetecnologia","13":"tag-passagem","14":"tag-portugal","15":"tag-pt","16":"tag-science","17":"tag-science-and-technology","18":"tag-scienceandtechnology","19":"tag-technology","20":"tag-tecnologia","21":"tag-whatsapp"},"share_on_mastodon":{"url":"https:\/\/pubeurope.com\/@pt\/115815945558269227","error":""},"_links":{"self":[{"href":"https:\/\/www.europesays.com\/pt\/wp-json\/wp\/v2\/posts\/209631","targetHints":{"allow":["GET"]}}],"collection":[{"href":"https:\/\/www.europesays.com\/pt\/wp-json\/wp\/v2\/posts"}],"about":[{"href":"https:\/\/www.europesays.com\/pt\/wp-json\/wp\/v2\/types\/post"}],"author":[{"embeddable":true,"href":"https:\/\/www.europesays.com\/pt\/wp-json\/wp\/v2\/users\/2"}],"replies":[{"embeddable":true,"href":"https:\/\/www.europesays.com\/pt\/wp-json\/wp\/v2\/comments?post=209631"}],"version-history":[{"count":0,"href":"https:\/\/www.europesays.com\/pt\/wp-json\/wp\/v2\/posts\/209631\/revisions"}],"wp:featuredmedia":[{"embeddable":true,"href":"https:\/\/www.europesays.com\/pt\/wp-json\/wp\/v2\/media\/209632"}],"wp:attachment":[{"href":"https:\/\/www.europesays.com\/pt\/wp-json\/wp\/v2\/media?parent=209631"}],"wp:term":[{"taxonomy":"category","embeddable":true,"href":"https:\/\/www.europesays.com\/pt\/wp-json\/wp\/v2\/categories?post=209631"},{"taxonomy":"post_tag","embeddable":true,"href":"https:\/\/www.europesays.com\/pt\/wp-json\/wp\/v2\/tags?post=209631"}],"curies":[{"name":"wp","href":"https:\/\/api.w.org\/{rel}","templated":true}]}}