{"id":209645,"date":"2025-12-31T20:10:18","date_gmt":"2025-12-31T20:10:18","guid":{"rendered":"https:\/\/www.europesays.com\/pt\/209645\/"},"modified":"2025-12-31T20:10:18","modified_gmt":"2025-12-31T20:10:18","slug":"ia-que-le-a-sala-e-modelos-de-220-w-para-festas","status":"publish","type":"post","link":"https:\/\/www.europesays.com\/pt\/209645\/","title":{"rendered":"IA que &#8220;l\u00ea&#8221; a sala e modelos de 220 W para festas"},"content":{"rendered":"<p>A LG decidiu antecipar a CES 2026 e revelou a sua nova gama de altifalantes port\u00e1teis Bluetooth da s\u00e9rie <strong>xboom<\/strong>. Esta nova fam\u00edlia, composta por quatro modelos distintos, destaca-se por integrar intelig\u00eancia artificial para otimizar o som e por oferecer op\u00e7\u00f5es para todos os gostos, desde o karaoke potente at\u00e9 \u00e0 portabilidade extrema.<\/p>\n<p>A grande novidade t\u00e9cnica \u00e9 a introdu\u00e7\u00e3o de funcionalidades baseadas em IA que analisam tanto o conte\u00fado reproduzido como as caracter\u00edsticas ac\u00fasticas do espa\u00e7o onde est\u00e1s. O objetivo \u00e9 ajustar automaticamente a equaliza\u00e7\u00e3o para garantir o melhor som poss\u00edvel, sincronizando tamb\u00e9m a ilumina\u00e7\u00e3o ambiente com a batida da m\u00fasica.<\/p>\n<p><img fetchpriority=\"high\" decoding=\"async\" width=\"1200\" height=\"675\" src=\"https:\/\/www.europesays.com\/pt\/wp-content\/uploads\/2025\/12\/LG-Xboom-1200x675.webp.webp\" alt=\"Lg xboom\" class=\"wp-image-164197\" title=\"LG Xboom TecheNet\"  \/><\/p>\n<p>xboom Stage 501: o monstro do karaoke<\/p>\n<p>O modelo mais imponente \u00e9 o <strong>xboom Stage 501<\/strong>. Desenhado para ser o centro das aten\u00e7\u00f5es em festas, este altifalante oferece:<\/p>\n<ul class=\"wp-block-list\">\n<li><strong>Pot\u00eancia:<\/strong> At\u00e9 <strong>220 watts<\/strong> de sa\u00edda, com woofers duplos e drivers de gama completa.<\/li>\n<li><strong>Flexibilidade:<\/strong> Pode ser posicionado na horizontal ou vertical.<\/li>\n<li><strong>Ferramentas de Voz:<\/strong> Gra\u00e7as \u00e0 IA, consegue <strong>isolar ou remover as vozes<\/strong> das faixas musicais, transformando qualquer m\u00fasica numa faixa de karaoke instant\u00e2nea.<\/li>\n<\/ul>\n<p>xboom Blast: a festa que dura 35 horas<\/p>\n<p>Para quem precisa de som potente em movimento, o <strong>xboom Blast<\/strong> \u00e9 a resposta. Equipado com uma bateria de 99 Wh, promete uma autonomia impressionante de cerca de <strong>35 horas<\/strong>. O seu design robusto e ergon\u00f3mico torna-o ideal para aventuras ao ar livre ou longas sess\u00f5es longe de uma tomada.<\/p>\n<p><img loading=\"lazy\" decoding=\"async\" width=\"1200\" height=\"675\" src=\"https:\/\/www.europesays.com\/pt\/wp-content\/uploads\/2025\/12\/LG-Xboom-3-1200x675.webp.webp\" alt=\"Lg xboom (3)\" class=\"wp-image-164195\" title=\"LG Xboom 3 TecheNet\"  \/><\/p>\n<p>Mini e Rock: compactos e resistentes<\/p>\n<p>A gama fica completa com dois modelos focados na portabilidade:<\/p>\n<ul class=\"wp-block-list\">\n<li><strong>xboom Mini:<\/strong> Ultra-compacto, desenhado para uso di\u00e1rio com correia e suporte de montagem.<\/li>\n<li><strong>xboom Rock:<\/strong> Focado na durabilidade extrema, com constru\u00e7\u00e3o testada segundo padr\u00f5es militares para resistir a ambientes dif\u00edceis.<\/li>\n<\/ul>\n<p>Ambos os modelos mais pequenos oferecem cerca de 10 horas de bateria. A colabora\u00e7\u00e3o com will.i.am continua, garantindo um perfil de \u00e1udio energ\u00e9tico.<\/p>\n<p>A nova s\u00e9rie xboom chegar\u00e1 ao mercado em <strong>2026<\/strong>, com demonstra\u00e7\u00f5es agendadas para o stand da LG na CES em janeiro.<\/p>\n<p><strong>Outros artigos interessantes:<\/strong><\/p>\n","protected":false},"excerpt":{"rendered":"A LG decidiu antecipar a CES 2026 e revelou a sua nova gama de altifalantes port\u00e1teis Bluetooth da&hellip;\n","protected":false},"author":2,"featured_media":209646,"comment_status":"","ping_status":"","sticky":false,"template":"","format":"standard","meta":{"footnotes":""},"categories":[84],"tags":[109,107,108,32,33,105,103,104,106,110],"class_list":{"0":"post-209645","1":"post","2":"type-post","3":"status-publish","4":"format-standard","5":"has-post-thumbnail","7":"category-ciencia-e-tecnologia","8":"tag-ciencia","9":"tag-ciencia-e-tecnologia","10":"tag-cienciaetecnologia","11":"tag-portugal","12":"tag-pt","13":"tag-science","14":"tag-science-and-technology","15":"tag-scienceandtechnology","16":"tag-technology","17":"tag-tecnologia"},"share_on_mastodon":{"url":"https:\/\/pubeurope.com\/@pt\/115816000572777227","error":""},"_links":{"self":[{"href":"https:\/\/www.europesays.com\/pt\/wp-json\/wp\/v2\/posts\/209645","targetHints":{"allow":["GET"]}}],"collection":[{"href":"https:\/\/www.europesays.com\/pt\/wp-json\/wp\/v2\/posts"}],"about":[{"href":"https:\/\/www.europesays.com\/pt\/wp-json\/wp\/v2\/types\/post"}],"author":[{"embeddable":true,"href":"https:\/\/www.europesays.com\/pt\/wp-json\/wp\/v2\/users\/2"}],"replies":[{"embeddable":true,"href":"https:\/\/www.europesays.com\/pt\/wp-json\/wp\/v2\/comments?post=209645"}],"version-history":[{"count":0,"href":"https:\/\/www.europesays.com\/pt\/wp-json\/wp\/v2\/posts\/209645\/revisions"}],"wp:featuredmedia":[{"embeddable":true,"href":"https:\/\/www.europesays.com\/pt\/wp-json\/wp\/v2\/media\/209646"}],"wp:attachment":[{"href":"https:\/\/www.europesays.com\/pt\/wp-json\/wp\/v2\/media?parent=209645"}],"wp:term":[{"taxonomy":"category","embeddable":true,"href":"https:\/\/www.europesays.com\/pt\/wp-json\/wp\/v2\/categories?post=209645"},{"taxonomy":"post_tag","embeddable":true,"href":"https:\/\/www.europesays.com\/pt\/wp-json\/wp\/v2\/tags?post=209645"}],"curies":[{"name":"wp","href":"https:\/\/api.w.org\/{rel}","templated":true}]}}