{"id":209647,"date":"2025-12-31T20:14:11","date_gmt":"2025-12-31T20:14:11","guid":{"rendered":"https:\/\/www.europesays.com\/pt\/209647\/"},"modified":"2025-12-31T20:14:11","modified_gmt":"2025-12-31T20:14:11","slug":"onze-no-nivel-maximo-planos-de-contingencia-ativados-na-maioria-dos-hospitais","status":"publish","type":"post","link":"https:\/\/www.europesays.com\/pt\/209647\/","title":{"rendered":"Onze no n\u00edvel m\u00e1ximo. Planos de conting\u00eancia ativados na maioria dos hospitais"},"content":{"rendered":"<p>                A maioria dos hospitais j\u00e1 ativou os planos de conting\u00eancia por causa da gripe e dos congestionamentos nas urg\u00eancias.<\/p>\n<p>A situa\u00e7\u00e3o nos hospitais pode agravar-se depois do Ano Novo, altura em que deve ser atingido o pico da gripe.<br \/>&#13;<br \/>\n&#13;<br \/>\n\u201cPraticamente todas as unidades ativaram os planos de conting\u00eancia. N\u00f3s temos 11 unidades j\u00e1 no n\u00edvel tr\u00eas, que \u00e9 o n\u00edvel mais elevado; temos outras 11 no n\u00edvel dois e outras 11 no n\u00edvel um. Apenas quatro ou cinco n\u00e3o ativaram os planos de conting\u00eancia\u201d, revelou o\u00a0diretor executivo do SNS.<br \/>&#13;<br \/>\nNos \u00faltimos dias os casos de gripe t\u00eam aumentado em todo o pa\u00eds.<\/p>\n<p>As camas hospitalares est\u00e3o quase lotadas e o n\u00famero de internamentos sociais \u00e9 elevado.<\/p>\n<p>Entretanto, o diretor executivo do SNS nega que haja caos nas urg\u00eancias, embora admitindo que os hospitais est\u00e3o sob press\u00e3o.<\/p>\n<p>\u00c1lvaro Santos de Almeida defende que os tempos m\u00e9dios de espera s\u00e3o habituais para a \u00e9poca: \u201cEsses planos servem precisamente para isso: para reagir a estes aumentos de procura. Naturalmente, nunca resolvem os problemas todos (\u2026) mas permitem que o SNS e as suas unidades respondam dentro do razo\u00e1vel\u201d.&#13;\n            <\/p>\n","protected":false},"excerpt":{"rendered":"A maioria dos hospitais j\u00e1 ativou os planos de conting\u00eancia por causa da gripe e dos congestionamentos nas&hellip;\n","protected":false},"author":2,"featured_media":209648,"comment_status":"","ping_status":"","sticky":false,"template":"","format":"standard","meta":{"footnotes":""},"categories":[8],"tags":[27,28,15,16,14,25,26,21,22,12,13,19,20,32,23,24,33,420,421,17,18,29,30,31],"class_list":{"0":"post-209647","1":"post","2":"type-post","3":"status-publish","4":"format-standard","5":"has-post-thumbnail","7":"category-principais-noticias","8":"tag-breaking-news","9":"tag-breakingnews","10":"tag-featured-news","11":"tag-featurednews","12":"tag-headlines","13":"tag-latest-news","14":"tag-latestnews","15":"tag-main-news","16":"tag-mainnews","17":"tag-news","18":"tag-noticias","19":"tag-noticias-principais","20":"tag-noticiasprincipais","21":"tag-portugal","22":"tag-principais-noticias","23":"tag-principaisnoticias","24":"tag-pt","25":"tag-rtp","26":"tag-rtp-noticias","27":"tag-top-stories","28":"tag-topstories","29":"tag-ultimas","30":"tag-ultimas-noticias","31":"tag-ultimasnoticias"},"share_on_mastodon":{"url":"https:\/\/pubeurope.com\/@pt\/115816016467604067","error":""},"_links":{"self":[{"href":"https:\/\/www.europesays.com\/pt\/wp-json\/wp\/v2\/posts\/209647","targetHints":{"allow":["GET"]}}],"collection":[{"href":"https:\/\/www.europesays.com\/pt\/wp-json\/wp\/v2\/posts"}],"about":[{"href":"https:\/\/www.europesays.com\/pt\/wp-json\/wp\/v2\/types\/post"}],"author":[{"embeddable":true,"href":"https:\/\/www.europesays.com\/pt\/wp-json\/wp\/v2\/users\/2"}],"replies":[{"embeddable":true,"href":"https:\/\/www.europesays.com\/pt\/wp-json\/wp\/v2\/comments?post=209647"}],"version-history":[{"count":0,"href":"https:\/\/www.europesays.com\/pt\/wp-json\/wp\/v2\/posts\/209647\/revisions"}],"wp:featuredmedia":[{"embeddable":true,"href":"https:\/\/www.europesays.com\/pt\/wp-json\/wp\/v2\/media\/209648"}],"wp:attachment":[{"href":"https:\/\/www.europesays.com\/pt\/wp-json\/wp\/v2\/media?parent=209647"}],"wp:term":[{"taxonomy":"category","embeddable":true,"href":"https:\/\/www.europesays.com\/pt\/wp-json\/wp\/v2\/categories?post=209647"},{"taxonomy":"post_tag","embeddable":true,"href":"https:\/\/www.europesays.com\/pt\/wp-json\/wp\/v2\/tags?post=209647"}],"curies":[{"name":"wp","href":"https:\/\/api.w.org\/{rel}","templated":true}]}}