{"id":209721,"date":"2025-12-31T21:32:18","date_gmt":"2025-12-31T21:32:18","guid":{"rendered":"https:\/\/www.europesays.com\/pt\/209721\/"},"modified":"2025-12-31T21:32:18","modified_gmt":"2025-12-31T21:32:18","slug":"sporting-nao-passara-os-40-milhoes-de-euros-por-yeremay-hernandez-eis-a-situacao","status":"publish","type":"post","link":"https:\/\/www.europesays.com\/pt\/209721\/","title":{"rendered":"Sporting n\u00e3o passar\u00e1 os 40 milh\u00f5es de euros por Yeremay Hern\u00e1ndez: eis a situa\u00e7\u00e3o"},"content":{"rendered":"<p>&#8211; Advertisement &#8211;<\/p>\n<p><strong>O Sporting vai fazer uma \u00faltima proposta por Yeremay Hern\u00e1ndez. Le\u00f5es podem chegar aos 40 milh\u00f5es de euros.<\/strong><\/p>\n<p>O Sporting admite chegar aos 40 milh\u00f5es de euros por Yeremay Hern\u00e1ndez, garante o jornal Record. A mesma fonte refere que trata-se do valor m\u00e1ximo que a SAD leonina est\u00e1 disposta a apresentar ao Deportivo de La Coru\u00f1a. <\/p>\n<p>Com o mercado de transfer\u00eancias de inverno \u00e0 porta, o Sporting pretende refor\u00e7ar a posi\u00e7\u00e3o de extremo e Yeremay Hern\u00e1ndez \u00e9 alvo apetec\u00edvel h\u00e1 algum tempo. Segundo noticiado, os le\u00f5es preparam-se para apresentar uma \u00faltima proposta.<\/p>\n<p>Yeremay Hern\u00e1ndez tem 23 anos e em 2025\/26 soma 19 jogos, sete golos e cinco assist\u00eancias. O seu contrato \u00e9 v\u00e1lido at\u00e9 2030, mas com uma cl\u00e1usula de extens\u00e3o de tr\u00eas \u00e9pocas. Recentemente <a href=\"https:\/\/bolanarede.pt\/especial-bola-na-rede\/atualidade\/sporting-imprensa-espanhola-insiste-no-interesse-do-barcelona-em-yeremay-hernandez-e-aponta-novo-valor-para-a-clausula-de-rescisao\/\" target=\"_blank\" rel=\"noreferrer noopener nofollow\">foi tamb\u00e9m apontado ao Barcelona.<\/a><\/p>\n","protected":false},"excerpt":{"rendered":"&#8211; Advertisement &#8211; O Sporting vai fazer uma \u00faltima proposta por Yeremay Hern\u00e1ndez. Le\u00f5es podem chegar aos 40&hellip;\n","protected":false},"author":2,"featured_media":191667,"comment_status":"","ping_status":"","sticky":false,"template":"","format":"standard","meta":{"footnotes":""},"categories":[87],"tags":[260,10310,135,478,32,33,34,134,9128],"class_list":{"0":"post-209721","1":"post","2":"type-post","3":"status-publish","4":"format-standard","5":"has-post-thumbnail","7":"category-desporto","8":"tag-atualidade","9":"tag-deportivo-de-la-coruna","10":"tag-desporto","11":"tag-destaques-bnr","12":"tag-portugal","13":"tag-pt","14":"tag-sporting","15":"tag-sports","16":"tag-yeremay-hernandez"},"share_on_mastodon":{"url":"https:\/\/pubeurope.com\/@pt\/115816323131174157","error":""},"_links":{"self":[{"href":"https:\/\/www.europesays.com\/pt\/wp-json\/wp\/v2\/posts\/209721","targetHints":{"allow":["GET"]}}],"collection":[{"href":"https:\/\/www.europesays.com\/pt\/wp-json\/wp\/v2\/posts"}],"about":[{"href":"https:\/\/www.europesays.com\/pt\/wp-json\/wp\/v2\/types\/post"}],"author":[{"embeddable":true,"href":"https:\/\/www.europesays.com\/pt\/wp-json\/wp\/v2\/users\/2"}],"replies":[{"embeddable":true,"href":"https:\/\/www.europesays.com\/pt\/wp-json\/wp\/v2\/comments?post=209721"}],"version-history":[{"count":0,"href":"https:\/\/www.europesays.com\/pt\/wp-json\/wp\/v2\/posts\/209721\/revisions"}],"wp:featuredmedia":[{"embeddable":true,"href":"https:\/\/www.europesays.com\/pt\/wp-json\/wp\/v2\/media\/191667"}],"wp:attachment":[{"href":"https:\/\/www.europesays.com\/pt\/wp-json\/wp\/v2\/media?parent=209721"}],"wp:term":[{"taxonomy":"category","embeddable":true,"href":"https:\/\/www.europesays.com\/pt\/wp-json\/wp\/v2\/categories?post=209721"},{"taxonomy":"post_tag","embeddable":true,"href":"https:\/\/www.europesays.com\/pt\/wp-json\/wp\/v2\/tags?post=209721"}],"curies":[{"name":"wp","href":"https:\/\/api.w.org\/{rel}","templated":true}]}}