{"id":209771,"date":"2025-12-31T22:16:16","date_gmt":"2025-12-31T22:16:16","guid":{"rendered":"https:\/\/www.europesays.com\/pt\/209771\/"},"modified":"2025-12-31T22:16:16","modified_gmt":"2025-12-31T22:16:16","slug":"voz-nao-perdoa-e-manda-boca-a-liliana-por-causa-de-ze-para-sempre-e-muito-tempo-secret-story","status":"publish","type":"post","link":"https:\/\/www.europesays.com\/pt\/209771\/","title":{"rendered":"Voz n\u00e3o perdoa e manda boca a Liliana por causa de Z\u00e9: \u00abPara sempre \u00e9 muito tempo\u00bb &#8211; Secret Story"},"content":{"rendered":"<p lang=\"EN-US\" paraeid=\"{1f9903f9-3050-4d06-b6fa-8ec43d580c8e}{55}\" paraid=\"305834814\" xml:lang=\"EN-US\">Os <strong>finalistas do Secret Story 9<\/strong> foram convidados a recuar at\u00e9 ao in\u00edcio do programa e a assistir\u00a0\u00e0 gala de estreia.\u00a0Reviveram muitos momentos,\u00a0mas\u00a0houve um\u00a0em particular\u00a0que voltou a captar as aten\u00e7\u00f5es: o pedido de casamento feito por Z\u00e9 a Liliana!\u00a0<\/p>\n<p paraeid=\"{1f9903f9-3050-4d06-b6fa-8ec43d580c8e}{60}\" paraid=\"487849819\" xml:lang=\"EN-US\"><strong>Z\u00e9 Andrade<\/strong> surpreendeu tudo e todos ao pedir Liliana em casamento em direto. O momento terminou com Z\u00e9 fora da casa mais vigiada do pa\u00eds, enquanto a ent\u00e3o noiva entrava sozinha no jogo. Dias depois, j\u00e1 dentro da casa, Liliana acabou\u00a0por p\u00f4r fim ao noivado, dando origem a uma das hist\u00f3rias mais comentadas desta edi\u00e7\u00e3o: o namoro com F\u00e1bio\u00a0<\/p>\n<p paraeid=\"{1f9903f9-3050-4d06-b6fa-8ec43d580c8e}{65}\" paraid=\"1449111763\" xml:lang=\"EN-US\"><a href=\"https:\/\/tvi.iol.pt\/secretstory\/videos\/chegou-o-momento-mais-esperado-os-concorrentes-assistem-ao-pedido-de-casamento-de-liliana\/69550d3a0cf28fe4304951ca\" rel=\"nofollow noopener\" target=\"_blank\">Ao reverem a gala, os\u00a0finalistas reagiram de forma hilariante.<\/a> Entre gargalhadas, trocas de olhares c\u00famplices e\u00a0muita surpresa. Liliana manteve-se tranquila e reservada, sem grandes rea\u00e7\u00f5es, pelo menos no que toca \u00e0s suas imagens. O que colocou a concorrente de boca aberta foi saber que o\u00a0ex\u00a0noivo teve uma entrevista no Dois \u00e0s Dez no dia a seguir \u00e0 gala de estreia.\u00a0\u00a0<\/p>\n<p paraeid=\"{1f9903f9-3050-4d06-b6fa-8ec43d580c8e}{65}\" paraid=\"1449111763\" xml:lang=\"EN-US\">Veja o v\u00eddeo.\u00a0<\/p>\n<p paraeid=\"{1f9903f9-3050-4d06-b6fa-8ec43d580c8e}{65}\" paraid=\"1449111763\" xml:lang=\"EN-US\">\u00a0<\/p>\n","protected":false},"excerpt":{"rendered":"Os finalistas do Secret Story 9 foram convidados a recuar at\u00e9 ao in\u00edcio do programa e a assistir\u00a0\u00e0&hellip;\n","protected":false},"author":2,"featured_media":209772,"comment_status":"","ping_status":"","sticky":false,"template":"","format":"standard","meta":{"footnotes":""},"categories":[85],"tags":[114,115,15353,19016,19184,18800,14646,32,33,162,18801],"class_list":{"0":"post-209771","1":"post","2":"type-post","3":"status-publish","4":"format-standard","5":"has-post-thumbnail","7":"category-entretenimento","8":"tag-entertainment","9":"tag-entretenimento","10":"tag-ines","11":"tag-liliana","12":"tag-marisa","13":"tag-momentos-virais-secret-story","14":"tag-pedro","15":"tag-portugal","16":"tag-pt","17":"tag-tvi","18":"tag-videos-virais-concorrentes"},"share_on_mastodon":{"url":"https:\/\/pubeurope.com\/@pt\/115816495974215332","error":""},"_links":{"self":[{"href":"https:\/\/www.europesays.com\/pt\/wp-json\/wp\/v2\/posts\/209771","targetHints":{"allow":["GET"]}}],"collection":[{"href":"https:\/\/www.europesays.com\/pt\/wp-json\/wp\/v2\/posts"}],"about":[{"href":"https:\/\/www.europesays.com\/pt\/wp-json\/wp\/v2\/types\/post"}],"author":[{"embeddable":true,"href":"https:\/\/www.europesays.com\/pt\/wp-json\/wp\/v2\/users\/2"}],"replies":[{"embeddable":true,"href":"https:\/\/www.europesays.com\/pt\/wp-json\/wp\/v2\/comments?post=209771"}],"version-history":[{"count":0,"href":"https:\/\/www.europesays.com\/pt\/wp-json\/wp\/v2\/posts\/209771\/revisions"}],"wp:featuredmedia":[{"embeddable":true,"href":"https:\/\/www.europesays.com\/pt\/wp-json\/wp\/v2\/media\/209772"}],"wp:attachment":[{"href":"https:\/\/www.europesays.com\/pt\/wp-json\/wp\/v2\/media?parent=209771"}],"wp:term":[{"taxonomy":"category","embeddable":true,"href":"https:\/\/www.europesays.com\/pt\/wp-json\/wp\/v2\/categories?post=209771"},{"taxonomy":"post_tag","embeddable":true,"href":"https:\/\/www.europesays.com\/pt\/wp-json\/wp\/v2\/tags?post=209771"}],"curies":[{"name":"wp","href":"https:\/\/api.w.org\/{rel}","templated":true}]}}