{"id":209793,"date":"2025-12-31T22:39:08","date_gmt":"2025-12-31T22:39:08","guid":{"rendered":"https:\/\/www.europesays.com\/pt\/209793\/"},"modified":"2025-12-31T22:39:08","modified_gmt":"2025-12-31T22:39:08","slug":"fabio-daniel-surpreende-cristina-ferreira-com-pormenor-iconico-secret-story","status":"publish","type":"post","link":"https:\/\/www.europesays.com\/pt\/209793\/","title":{"rendered":"F\u00e1bio Daniel surpreende Cristina Ferreira com pormenor ic\u00f3nico &#8211; Secret Story"},"content":{"rendered":"<p style=\"margin-bottom:11px\">Na Gala do Secret Story 9, Cristina Ferreira recorda todos os concorrentes que passaram pela nona edi\u00e7\u00e3o da Casa dos Segredos. No final, cada um deles entra em est\u00fadio e, um a um, todos os ex-concorrentes entram no est\u00fadio. No momento, Cristina Ferreira acabou por comentar o visual mais arrojado dos ex-concorrentes. F\u00e1bio Daniel, foi o primeiro a abandonar a casa e na gala final surpreendeu com uma t-shirt com a frase pol\u00e9mica: \u00abPenso, logo desisto\u00bb<\/p>\n<p style=\"margin-bottom:11px\"><b>A decis\u00e3o est\u00e1 nas suas m\u00e3os! Vote j\u00e1 no seu concorrente favorito atrav\u00e9s da app TVI Reality ou das linhas telef\u00f3nicas:<\/b><\/p>\n<p style=\"margin-bottom:11px\"><b>IN\u00caS &#8211; 761 20 20 10<br \/>LILIANA &#8211; 761 20 20 14<br \/>MARISA &#8211; 761 20 20 16<br \/>PEDRO &#8211; 761 20 20 18<\/b><\/p>\n<p style=\"margin-bottom:11px\"><b><a href=\"https:\/\/tvi.iol.pt\/secretstory\/aominuto\" style=\"color:#467886; text-decoration:underline\" rel=\"nofollow noopener\" target=\"_blank\">Veja aqui tudo o que se passa na casa do Secret Story 9<\/a><\/b><\/p>\n","protected":false},"excerpt":{"rendered":"Na Gala do Secret Story 9, Cristina Ferreira recorda todos os concorrentes que passaram pela nona edi\u00e7\u00e3o da&hellip;\n","protected":false},"author":2,"featured_media":209794,"comment_status":"","ping_status":"","sticky":false,"template":"","format":"standard","meta":{"footnotes":""},"categories":[142],"tags":[166,114,115,19151,19033,19034,32,33,151,19032],"class_list":{"0":"post-209793","1":"post","2":"type-post","3":"status-publish","4":"format-standard","5":"has-post-thumbnail","7":"category-tv","8":"tag-cristina-ferreira","9":"tag-entertainment","10":"tag-entretenimento","11":"tag-fabio-daniel","12":"tag-galas-em-video","13":"tag-melhores-momentos-casa-dos-segredos","14":"tag-portugal","15":"tag-pt","16":"tag-tv","17":"tag-videos-secret-story-tvi"},"share_on_mastodon":{"url":"https:\/\/pubeurope.com\/@pt\/115816586434250053","error":""},"_links":{"self":[{"href":"https:\/\/www.europesays.com\/pt\/wp-json\/wp\/v2\/posts\/209793","targetHints":{"allow":["GET"]}}],"collection":[{"href":"https:\/\/www.europesays.com\/pt\/wp-json\/wp\/v2\/posts"}],"about":[{"href":"https:\/\/www.europesays.com\/pt\/wp-json\/wp\/v2\/types\/post"}],"author":[{"embeddable":true,"href":"https:\/\/www.europesays.com\/pt\/wp-json\/wp\/v2\/users\/2"}],"replies":[{"embeddable":true,"href":"https:\/\/www.europesays.com\/pt\/wp-json\/wp\/v2\/comments?post=209793"}],"version-history":[{"count":0,"href":"https:\/\/www.europesays.com\/pt\/wp-json\/wp\/v2\/posts\/209793\/revisions"}],"wp:featuredmedia":[{"embeddable":true,"href":"https:\/\/www.europesays.com\/pt\/wp-json\/wp\/v2\/media\/209794"}],"wp:attachment":[{"href":"https:\/\/www.europesays.com\/pt\/wp-json\/wp\/v2\/media?parent=209793"}],"wp:term":[{"taxonomy":"category","embeddable":true,"href":"https:\/\/www.europesays.com\/pt\/wp-json\/wp\/v2\/categories?post=209793"},{"taxonomy":"post_tag","embeddable":true,"href":"https:\/\/www.europesays.com\/pt\/wp-json\/wp\/v2\/tags?post=209793"}],"curies":[{"name":"wp","href":"https:\/\/api.w.org\/{rel}","templated":true}]}}