{"id":209811,"date":"2025-12-31T22:56:08","date_gmt":"2025-12-31T22:56:08","guid":{"rendered":"https:\/\/www.europesays.com\/pt\/209811\/"},"modified":"2025-12-31T22:56:08","modified_gmt":"2025-12-31T22:56:08","slug":"benfica-oferece-25-milhoes-de-euros-por-alvo","status":"publish","type":"post","link":"https:\/\/www.europesays.com\/pt\/209811\/","title":{"rendered":"Benfica oferece 25 milh\u00f5es de euros por alvo"},"content":{"rendered":"<p>&#8211; Advertisement &#8211;<\/p>\n<p><strong>O Benfica avan\u00e7a por <strong>Arseniy Batagov<\/strong>. Imprensa turca garante ter havido proposta de 25 milh\u00f5es de euros ao Trabzonspor pelo defesa.<\/strong><\/p>\n<p>O Benfica ter\u00e1 apresentado uma proposta de 25 milh\u00f5es de euros ao Trabzonspor por Arseniy Batagov. A garantia \u00e9 dada pela imprensa turca, que indica que o emblema da Liga da Turquia quer receber mais dinheiro pelo <a href=\"https:\/\/bolanarede.pt\/especial-bola-na-rede\/atualidade\/benfica-avanca-proposta-por-jogador-da-liga-turca-jogador-ja-enfrentou-jose-mourinho\/\" target=\"_blank\" rel=\"noreferrer noopener nofollow\">defesa-central, que j\u00e1 foi associado ao Benfica.<\/a><\/p>\n<p>De acordo com a fonte, o Trabzonspor pretende 40 milh\u00f5es de euros por Arseniy Batagov, defesa-central ucraniano de 23 anos que tem contrato v\u00e1lido com o clube at\u00e9 2028. Esta temporada, o jogador leva 17 encontros, com duas assist\u00eancias.<\/p>\n<p>Nos \u00faltimos tempos, Batagov tem sido assim associado ao Benfica.<\/p>\n<blockquote class=\"twitter-tweet\" data-width=\"550\" data-dnt=\"true\">\n<p lang=\"pt\" dir=\"ltr\">\ud83d\udea8\ud83d\udea8 Benfica apresenta uma proposta de 25 MILH\u00d5ES DE EUROS ao Trabzonspor por Arseniy Batagov, revela o <a href=\"https:\/\/twitter.com\/aspor?ref_src=twsrc%5Etfw\" rel=\"nofollow noopener\" target=\"_blank\">@aspor<\/a>.<br \/>O emblema turco exige 40 MILH\u00d5ES DE EUROS pelo defesa de 23 anos, adianta a mesma fonte. <a href=\"https:\/\/t.co\/twtcST0AkJ\" rel=\"nofollow\">pic.twitter.com\/twtcST0AkJ<\/a><\/p>\n<p>\u2014 Di\u00e1rio de Transfer\u00eancias (@DTransferencias) <a href=\"https:\/\/twitter.com\/DTransferencias\/status\/2006383881545716095?ref_src=twsrc%5Etfw\" rel=\"nofollow noopener\" target=\"_blank\">December 31, 2025<\/a><\/p><\/blockquote>\n<p><script async src=\"https:\/\/platform.twitter.com\/widgets.js\" charset=\"utf-8\"><\/script><\/p>\n","protected":false},"excerpt":{"rendered":"&#8211; Advertisement &#8211; O Benfica avan\u00e7a por Arseniy Batagov. Imprensa turca garante ter havido proposta de 25 milh\u00f5es&hellip;\n","protected":false},"author":2,"featured_media":208860,"comment_status":"","ping_status":"","sticky":false,"template":"","format":"standard","meta":{"footnotes":""},"categories":[87],"tags":[41192,260,51,135,478,32,33,134,11935],"class_list":{"0":"post-209811","1":"post","2":"type-post","3":"status-publish","4":"format-standard","5":"has-post-thumbnail","7":"category-desporto","8":"tag-arseniy-batagov","9":"tag-atualidade","10":"tag-benfica","11":"tag-desporto","12":"tag-destaques-bnr","13":"tag-portugal","14":"tag-pt","15":"tag-sports","16":"tag-trabzonspor"},"share_on_mastodon":{"url":"https:\/\/pubeurope.com\/@pt\/115816653333613324","error":""},"_links":{"self":[{"href":"https:\/\/www.europesays.com\/pt\/wp-json\/wp\/v2\/posts\/209811","targetHints":{"allow":["GET"]}}],"collection":[{"href":"https:\/\/www.europesays.com\/pt\/wp-json\/wp\/v2\/posts"}],"about":[{"href":"https:\/\/www.europesays.com\/pt\/wp-json\/wp\/v2\/types\/post"}],"author":[{"embeddable":true,"href":"https:\/\/www.europesays.com\/pt\/wp-json\/wp\/v2\/users\/2"}],"replies":[{"embeddable":true,"href":"https:\/\/www.europesays.com\/pt\/wp-json\/wp\/v2\/comments?post=209811"}],"version-history":[{"count":0,"href":"https:\/\/www.europesays.com\/pt\/wp-json\/wp\/v2\/posts\/209811\/revisions"}],"wp:featuredmedia":[{"embeddable":true,"href":"https:\/\/www.europesays.com\/pt\/wp-json\/wp\/v2\/media\/208860"}],"wp:attachment":[{"href":"https:\/\/www.europesays.com\/pt\/wp-json\/wp\/v2\/media?parent=209811"}],"wp:term":[{"taxonomy":"category","embeddable":true,"href":"https:\/\/www.europesays.com\/pt\/wp-json\/wp\/v2\/categories?post=209811"},{"taxonomy":"post_tag","embeddable":true,"href":"https:\/\/www.europesays.com\/pt\/wp-json\/wp\/v2\/tags?post=209811"}],"curies":[{"name":"wp","href":"https:\/\/api.w.org\/{rel}","templated":true}]}}