{"id":209816,"date":"2025-12-31T23:00:07","date_gmt":"2025-12-31T23:00:07","guid":{"rendered":"https:\/\/www.europesays.com\/pt\/209816\/"},"modified":"2025-12-31T23:00:07","modified_gmt":"2025-12-31T23:00:07","slug":"construcao-lidera-na-bolsa-de-lisboa-bcp-foi-o-unico-peso-pesado-no-top-cinco-bolsa","status":"publish","type":"post","link":"https:\/\/www.europesays.com\/pt\/209816\/","title":{"rendered":"Constru\u00e7\u00e3o lidera na bolsa de Lisboa. BCP foi o \u00fanico peso pesado no top cinco &#8211; Bolsa"},"content":{"rendered":"<p class=\"\">&#13;<br \/>\n        &#8220;<b>Normaliza\u00e7\u00e3o de balan\u00e7os e maior visibilidade de resultados<\/b>&#8221; s\u00e3o os <b>dois fatores comuns \u00e0s maiores valoriza\u00e7\u00f5es do ano<\/b> no principal \u00edndice nacional, o PSI, que assinalou um <b>ganho de 29,58% no ano<\/b>, de acordo com a leitura de Jo\u00e3o Queiroz, &#8220;head of trading&#8221; do Banco Carregosa. O top cinco, que <b>s\u00f3 conta com um peso pesado<\/b> (empresas com maior capitaliza\u00e7\u00e3o bolsista), \u00e9 liderado pela <b>Teixeira Duarte<\/b>, que <a href=\"https:\/\/www.jornaldenegocios.pt\/mercados\/bolsa\/detalhe\/com-onda-de-obras-publicas-teixeira-duarte-volta-reforcada-ao-psi\" target=\"_self\" rel=\"tag nofollow noopener\">regressou ao \u00edndice em setembro<\/a> e somou 705,06%\u00a0no acumulado do ano.&#13;\n    <\/p>\n","protected":false},"excerpt":{"rendered":"&#13; &#8220;Normaliza\u00e7\u00e3o de balan\u00e7os e maior visibilidade de resultados&#8221; s\u00e3o os dois fatores comuns \u00e0s maiores valoriza\u00e7\u00f5es do&hellip;\n","protected":false},"author":2,"featured_media":209817,"comment_status":"","ping_status":"","sticky":false,"template":"","format":"standard","meta":{"footnotes":""},"categories":[83],"tags":[475,88,41195,41193,89,90,41194,797,40883,4317,7268,32,33,40980,41196,38963,11981,40885],"class_list":{"0":"post-209816","1":"post","2":"type-post","3":"status-publish","4":"format-standard","5":"has-post-thumbnail","7":"category-empresas","8":"tag-banca","9":"tag-business","10":"tag-capex","11":"tag-carregosa","12":"tag-economy","13":"tag-empresas","14":"tag-entidade-reguladora-dos-servicos-energeticos","15":"tag-lisboa","16":"tag-mercado-e-bolsa","17":"tag-mercadona","18":"tag-mota-engil","19":"tag-portugal","20":"tag-pt","21":"tag-recompra","22":"tag-rita-machado","23":"tag-semapa","24":"tag-sonae","25":"tag-teixeira-duarte"},"share_on_mastodon":{"url":"https:\/\/pubeurope.com\/@pt\/115816669007441522","error":""},"_links":{"self":[{"href":"https:\/\/www.europesays.com\/pt\/wp-json\/wp\/v2\/posts\/209816","targetHints":{"allow":["GET"]}}],"collection":[{"href":"https:\/\/www.europesays.com\/pt\/wp-json\/wp\/v2\/posts"}],"about":[{"href":"https:\/\/www.europesays.com\/pt\/wp-json\/wp\/v2\/types\/post"}],"author":[{"embeddable":true,"href":"https:\/\/www.europesays.com\/pt\/wp-json\/wp\/v2\/users\/2"}],"replies":[{"embeddable":true,"href":"https:\/\/www.europesays.com\/pt\/wp-json\/wp\/v2\/comments?post=209816"}],"version-history":[{"count":0,"href":"https:\/\/www.europesays.com\/pt\/wp-json\/wp\/v2\/posts\/209816\/revisions"}],"wp:featuredmedia":[{"embeddable":true,"href":"https:\/\/www.europesays.com\/pt\/wp-json\/wp\/v2\/media\/209817"}],"wp:attachment":[{"href":"https:\/\/www.europesays.com\/pt\/wp-json\/wp\/v2\/media?parent=209816"}],"wp:term":[{"taxonomy":"category","embeddable":true,"href":"https:\/\/www.europesays.com\/pt\/wp-json\/wp\/v2\/categories?post=209816"},{"taxonomy":"post_tag","embeddable":true,"href":"https:\/\/www.europesays.com\/pt\/wp-json\/wp\/v2\/tags?post=209816"}],"curies":[{"name":"wp","href":"https:\/\/api.w.org\/{rel}","templated":true}]}}