{"id":209858,"date":"2025-12-31T23:45:20","date_gmt":"2025-12-31T23:45:20","guid":{"rendered":"https:\/\/www.europesays.com\/pt\/209858\/"},"modified":"2025-12-31T23:45:20","modified_gmt":"2025-12-31T23:45:20","slug":"policia-finlandesa-investiga-nova-ruptura-de-cabo-submarino-de-telecomunicacoes-telecomunicacoes","status":"publish","type":"post","link":"https:\/\/www.europesays.com\/pt\/209858\/","title":{"rendered":"Pol\u00edcia finlandesa investiga nova ruptura de cabo submarino de telecomunica\u00e7\u00f5es | Telecomunica\u00e7\u00f5es"},"content":{"rendered":"<p>A pol\u00edcia finlandesa anunciou esta quarta-feira que est\u00e1 a investigar uma poss\u00edvel ruptura de um cabo submarino de telecomunica\u00e7\u00f5es no mar B\u00e1ltico, que liga a Finl\u00e2ndia e a Est\u00f3nia. A investiga\u00e7\u00e3o foi iniciada depois de a operadora finlandesa Elisa ter comunicado que detectou uma avaria num dos seus cabos submarinos, localizado na zona econ\u00f3mica exclusiva da Est\u00f3nia.<\/p>\n<p>A Guarda de Fronteiras identificou o <a href=\"https:\/\/www.publico.pt\/2023\/10\/24\/mundo\/noticia\/ancora-cargueiro-chines-danificado-gasoduto-cabos-submarinos-baltico-2067885\" rel=\"nofollow noopener\" target=\"_blank\">navio suspeito de ter provocado a avaria<\/a> e enviou para o local uma embarca\u00e7\u00e3o de patrulha e um helic\u00f3ptero, que interceptaram o navio ap\u00f3s confirmarem que este navegava com uma das \u00e2ncoras submersas.<\/p>\n<p>&#8220;As autoridades finlandesas apreenderam o navio numa opera\u00e7\u00e3o conjunta. A investiga\u00e7\u00e3o do caso foi transferida da Sec\u00e7\u00e3o da Guarda Costeira do Golfo da Finl\u00e2ndia para o Departamento de Pol\u00edcia de Hels\u00ednquia&#8221;, refere a pol\u00edcia em comunicado.<\/p>\n<p>A procuradoria-geral apresentou uma acusa\u00e7\u00e3o formal contra o navio, que considera suspeito de um crime grave de sabotagem e de um crime de interfer\u00eancia agravada nas comunica\u00e7\u00f5es.<\/p>\n<p>Al\u00e9m da pol\u00edcia e da Guarda de Fronteiras, participam na investiga\u00e7\u00e3o as For\u00e7as Armadas finlandesas, a Alf\u00e2ndega, a Ag\u00eancia dos Transportes e Comunica\u00e7\u00f5es (Traficom) e o operador da rede el\u00e9ctrica finlandesa, Fingrid.<\/p>\n<p>As autoridades finlandesas est\u00e3o tamb\u00e9m a cooperar com outros pa\u00edses, sobretudo com a Est\u00f3nia, para a troca de informa\u00e7\u00f5es. &#8220;As autoridades finlandesas investigaram um navio suspeito de causar danos num cabo no Golfo da Finl\u00e2ndia&#8221;, afirmou o Presidente da Finl\u00e2ndia, Alexander Stubb, numa mensagem publicada na rede social X.<\/p>\n<p>&#8220;A Finl\u00e2ndia est\u00e1 preparada para desafios de seguran\u00e7a de v\u00e1rios tipos, e respondemos aos mesmos da forma necess\u00e1ria&#8221;, acrescentou o chefe de Estado, que agradeceu o trabalho da pol\u00edcia, da Guarda de Fronteiras e das restantes autoridades envolvidas.<\/p>\n<p>&#8220;Estamos a acompanhar a situa\u00e7\u00e3o em coopera\u00e7\u00e3o com o Governo&#8221;, indicou ainda Alexander Stubb, enquanto o primeiro-ministro finland\u00eas, Petteri Orpo, adiantou na mesma rede social que falou com o seu hom\u00f3logo est\u00f3nio, Kristen Michal. &#8220;As nossas autoridades est\u00e3o a trabalhar com uma boa coopera\u00e7\u00e3o&#8221;, afirmou Orpo.<\/p>\n<p>A Finl\u00e2ndia tem sido alvo, nos \u00faltimos anos, de v\u00e1rios incidentes em que infra-estruturas submarinas cr\u00edticas foram danificadas em circunst\u00e2ncias pouco claras, incluindo o gasoduto Balticconnector e <a href=\"https:\/\/www.publico.pt\/2025\/09\/28\/mundo\/reportagem\/guerra-invisivel-drones-cacar-minas-proteger-cabos-submarinos-2148743\" rel=\"nofollow noopener\" target=\"_blank\">v\u00e1rios cabos de telecomunica\u00e7\u00f5es<\/a> e de alta tens\u00e3o.<\/p>\n<p>A maioria destas avarias ocorreu <a href=\"https:\/\/www.publico.pt\/2022\/05\/12\/mundo\/noticia\/longa-sombra-russia-causou-experiencia-morte-iminente-finlandia-2006026\" rel=\"nofollow noopener\" target=\"_blank\">ap\u00f3s o in\u00edcio da invas\u00e3o russa da Ucr\u00e2nia,<\/a> levando as autoridades finlandesas a suspeitar que se trate de sabotagens orquestradas pelo Kremlin.<\/p>\n<p>        &#13;<\/p>\n<p>&#13;<br \/>\n                &#13;\n            <\/p>\n<p>&#13;<\/p>\n","protected":false},"excerpt":{"rendered":"A pol\u00edcia finlandesa anunciou esta quarta-feira que est\u00e1 a investigar uma poss\u00edvel ruptura de um cabo submarino de&hellip;\n","protected":false},"author":2,"featured_media":209859,"comment_status":"","ping_status":"","sticky":false,"template":"","format":"standard","meta":{"footnotes":""},"categories":[8],"tags":[27,28,2270,15624,15,16,5388,14,25,26,21,22,62,12,13,19,20,32,23,24,33,839,8649,17,18,29,30,31],"class_list":{"0":"post-209858","1":"post","2":"type-post","3":"status-publish","4":"format-standard","5":"has-post-thumbnail","7":"category-principais-noticias","8":"tag-breaking-news","9":"tag-breakingnews","10":"tag-energia","11":"tag-estonia","12":"tag-featured-news","13":"tag-featurednews","14":"tag-finlandia","15":"tag-headlines","16":"tag-latest-news","17":"tag-latestnews","18":"tag-main-news","19":"tag-mainnews","20":"tag-mundo","21":"tag-news","22":"tag-noticias","23":"tag-noticias-principais","24":"tag-noticiasprincipais","25":"tag-portugal","26":"tag-principais-noticias","27":"tag-principaisnoticias","28":"tag-pt","29":"tag-russia","30":"tag-telecomunicacoes","31":"tag-top-stories","32":"tag-topstories","33":"tag-ultimas","34":"tag-ultimas-noticias","35":"tag-ultimasnoticias"},"share_on_mastodon":{"url":"https:\/\/pubeurope.com\/@pt\/115816846355206243","error":""},"_links":{"self":[{"href":"https:\/\/www.europesays.com\/pt\/wp-json\/wp\/v2\/posts\/209858","targetHints":{"allow":["GET"]}}],"collection":[{"href":"https:\/\/www.europesays.com\/pt\/wp-json\/wp\/v2\/posts"}],"about":[{"href":"https:\/\/www.europesays.com\/pt\/wp-json\/wp\/v2\/types\/post"}],"author":[{"embeddable":true,"href":"https:\/\/www.europesays.com\/pt\/wp-json\/wp\/v2\/users\/2"}],"replies":[{"embeddable":true,"href":"https:\/\/www.europesays.com\/pt\/wp-json\/wp\/v2\/comments?post=209858"}],"version-history":[{"count":0,"href":"https:\/\/www.europesays.com\/pt\/wp-json\/wp\/v2\/posts\/209858\/revisions"}],"wp:featuredmedia":[{"embeddable":true,"href":"https:\/\/www.europesays.com\/pt\/wp-json\/wp\/v2\/media\/209859"}],"wp:attachment":[{"href":"https:\/\/www.europesays.com\/pt\/wp-json\/wp\/v2\/media?parent=209858"}],"wp:term":[{"taxonomy":"category","embeddable":true,"href":"https:\/\/www.europesays.com\/pt\/wp-json\/wp\/v2\/categories?post=209858"},{"taxonomy":"post_tag","embeddable":true,"href":"https:\/\/www.europesays.com\/pt\/wp-json\/wp\/v2\/tags?post=209858"}],"curies":[{"name":"wp","href":"https:\/\/api.w.org\/{rel}","templated":true}]}}