{"id":20986,"date":"2025-08-08T10:58:09","date_gmt":"2025-08-08T10:58:09","guid":{"rendered":"https:\/\/www.europesays.com\/pt\/20986\/"},"modified":"2025-08-08T10:58:09","modified_gmt":"2025-08-08T10:58:09","slug":"mariah-carey-descobre-so-agora-que-katy-perry-viajou-para-o-espaco-e-tem-reacao-hilaria-veja","status":"publish","type":"post","link":"https:\/\/www.europesays.com\/pt\/20986\/","title":{"rendered":"Mariah Carey descobre s\u00f3 agora que Katy Perry viajou para o espa\u00e7o e tem rea\u00e7\u00e3o hil\u00e1ria; veja!"},"content":{"rendered":"<p>Desde que viajou ao espa\u00e7o no \u00faltimo dia <strong>14 de abril<\/strong>, muita coisa aconteceu na vida de <a href=\"https:\/\/portalpopline.com.br\/katy-perry\/\" rel=\"noopener nofollow\" target=\"_blank\"><strong>Katy Perry<\/strong><\/a>: ela deu in\u00edcio a uma nova turn\u00ea, anunciou shows solo no Brasil e at\u00e9 se divorciou. Mas s\u00f3 nesta semana que <a href=\"https:\/\/portalpopline.com.br\/mariah-carey\/\" rel=\"noopener nofollow\" target=\"_blank\"><strong>Mariah Carey<\/strong><\/a> foi descobrir o voo suborbital que a cantora de \u201cFirework\u201d fez. Chocada ao saber que <strong>Katy<\/strong> foi ao espa\u00e7o, a voz de \u201cTYPE DANGEROUS\u201d ficou empolgada com a descoberta e revelou se iria ao espa\u00e7o como <strong>Katy<\/strong> fez\u2026 Veja o v\u00eddeo!<\/p>\n<p>LEIA MAIS:<\/p>\n<p><img loading=\"lazy\" decoding=\"async\" aria-describedby=\"caption-attachment-994111\" src=\"data:image\/svg+xml,%3Csvg%20xmlns=\" http:=\"\" alt=\"\" width=\"1200\" height=\"1500\" class=\"size-full wp-image-994111\" data-lazy- data-lazy- data-lazy-src=\"https:\/\/www.europesays.com\/pt\/wp-content\/uploads\/2025\/08\/mariah-carey-descobre-katy-perry-viajou-espaco-reacao-hilaria-video-2.jpg\"\/><\/p>\n<p id=\"caption-attachment-994111\" class=\"wp-caption-text\">Foto: Cynthia Parkhurst<\/p>\n<p>Durante participa\u00e7\u00e3o no programa <a href=\"https:\/\/www.instagram.com\/p\/DNC-29rsUj4\/\" rel=\"noopener nofollow\" target=\"_blank\">\u201cThe Scott Mills Breakfast Show\u201d<\/a>, da <strong>BBC Radio 2<\/strong>, veiculado nesta <strong>quarta-feira (6)<\/strong> \u2013 diga-se de passagem, quatro meses ap\u00f3s a viagem espacial de <strong>Katy<\/strong> -, <strong>Mariah<\/strong> se mostrou alheia ao assunto, ainda que tenha sido um dos mais comentados da internet \u00e0 \u00e9poca.<\/p>\n<p>\u201cVoc\u00ea iria ao espa\u00e7o, tipo, como Katy Perry fez?\u201d, indagou o apresentador, deixando a artista sem rea\u00e7\u00e3o. \u201cEla foi ao espa\u00e7o?!\u201d, respondeu <strong>Mariah<\/strong>, meio desacreditada. \u201cUhum, n\u00e3o por muito tempo\u201d, retrucou o anfitri\u00e3o do programa a respeito do voo que durou aproximadamente 11 minutos.<\/p>\n<p>\u201cPra onde ela foi?\u201d, perguntou a cantora de \u201cObsessed\u201d, ainda parecendo desacreditada da not\u00edcia. \u201cUau! Ent\u00e3o t\u00e1, Katy. Eu n\u00e3o estou brava com ela, isso \u00e9 fant\u00e1stico!\u201d, disse ela. Durante a conversa, ao ser perguntada se tamb\u00e9m faria uma viagem espacial, <strong>Mariah<\/strong> reagiu com a melhor resposta: \u201cAcho que j\u00e1 fiz o suficiente\u201d.<\/p>\n<blockquote class=\"instagram-media\" data-instgrm-captioned=\"\" data-instgrm-permalink=\"https:\/\/www.instagram.com\/p\/DNECWfPAlhJ\/?utm_source=ig_embed&amp;utm_campaign=loading\" data-instgrm-version=\"14\" style=\" background:#FFF; border:0; border-radius:3px; box-shadow:0 0 1px 0 rgba(0,0,0,0.5),0 1px 10px 0 rgba(0,0,0,0.15); margin: 1px; max-width:740px; min-width:326px; padding:0; width:99.375%; width:-webkit-calc(100% - 2px); width:calc(100% - 2px);\">\n<\/blockquote>\n<p>\u201cVergonhoso e constrangedor\u201d, teria dito Orlando Bloom sobre viagem de Katy Perry ao espa\u00e7o<br \/>\n<img loading=\"lazy\" decoding=\"async\" aria-describedby=\"caption-attachment-989920\" src=\"data:image\/svg+xml,%3Csvg%20xmlns=\" http:=\"\" alt=\"\" width=\"1200\" height=\"902\" class=\"size-full wp-image-989920\" data-lazy- data-lazy- data-lazy-src=\"https:\/\/www.europesays.com\/pt\/wp-content\/uploads\/2025\/08\/katy-perry-orlando-bloom-crise-casamento-criticas-viagem-espaco-ridiculo.jpg\"\/><\/p>\n<p id=\"caption-attachment-989920\" class=\"wp-caption-text\">Foto: Instagram\/@orlandobloom<\/p>\n<p>Antes da confirma\u00e7\u00e3o do div\u00f3rcio, <a href=\"https:\/\/portalpopline.com.br\/casamento-katy-perry-orlando-bloom-crise-motivo-recepcao-album-143\/\" rel=\"noopener nofollow\" target=\"_blank\">o casamento de Katy e do ator Orlando Bloom atravessou um momento de crise<\/a> e, no final de junho, veio \u00e0 tona que a <a href=\"https:\/\/portalpopline.com.br\/missao-espaco-katy-perry-criticas-bilhoes-dolares-memes\/\" rel=\"noopener nofollow\" target=\"_blank\">pol\u00eamica viagem que a estrela pop fez ao espa\u00e7o<\/a> colocou ainda mais \u2018lenha na fogueira\u2019. Isso porque, no meio de uma briga acalorada, <strong>Orlando<\/strong> teria se referido \u00e0 experi\u00eancia como \u201cvergonhosa e constrangedora\u201d, o que irritou a artista.<\/p>\n<p><img loading=\"lazy\" decoding=\"async\" aria-describedby=\"caption-attachment-989921\" src=\"data:image\/svg+xml,%3Csvg%20xmlns=\" http:=\"\" alt=\"\" width=\"1200\" height=\"1499\" class=\"size-full wp-image-989921\" data-lazy- data-lazy- data-lazy-src=\"https:\/\/www.europesays.com\/pt\/wp-content\/uploads\/2025\/08\/katy-perry-orlando-bloom-crise-casamento-criticas-viagem-espaco-ridiculo-2.jpg\"\/><\/p>\n<p id=\"caption-attachment-989921\" class=\"wp-caption-text\">Foto: Instagram\/@orlandobloom<\/p>\n<p>De acordo com o jornal brit\u00e2nico <a href=\"https:\/\/www.dailymail.co.uk\/tvshowbiz\/article-14828233\/Katy-Perry-Orlando-Bloom-hypocrisy-Lauren-Sanchez-wedding-jeff-bezos.html\" rel=\"noopener nofollow\" target=\"_blank\"><strong>Daily Mail<\/strong><\/a>, fontes pr\u00f3ximas ao ex-casal afirmaram \u00e0 \u00e9poca que a viagem de <strong>Katy<\/strong> ao espa\u00e7o, realizada no \u00faltimo dia 14 de abril, foi, sim, motivo de briga entre o casal. Isso porque o ator de \u201cPiratas do Caribe\u201d teria condenado a iniciativa da at\u00e9 ent\u00e3o esposa, chegando a chamar de \u201crid\u00edculo\u201d o fato de ela ter ido ao espa\u00e7o em um voo da <strong>Blue Origin<\/strong>, empresa do bilion\u00e1rio <strong>Jeff Bezos<\/strong>, que \u00e9 amigo pessoal de <strong>Katy<\/strong>.<\/p>\n<p>\u201cAquilo magoou os sentimentos dela. Claro que ela ficou chateada. Imagine ir ao espa\u00e7o, pra p*rra do espa\u00e7o, e seu companheiro n\u00e3o fica nem impressionado\u201d, destacou uma das fontes, afirmando que o posicionamento de <strong>Orlando<\/strong> quanto ao assunto deixou a rela\u00e7\u00e3o abalada. Poucas semanas depois, o div\u00f3rcio foi confirmado por representantes do ex-casal.<\/p>\n<p><script async src=\"\/\/www.instagram.com\/embed.js\"><\/script><\/p>\n","protected":false},"excerpt":{"rendered":"Desde que viajou ao espa\u00e7o no \u00faltimo dia 14 de abril, muita coisa aconteceu na vida de Katy&hellip;\n","protected":false},"author":2,"featured_media":20987,"comment_status":"","ping_status":"","sticky":false,"template":"","format":"standard","meta":{"footnotes":""},"categories":[141],"tags":[7633,114,115,1008,568,272,7634,149,150,571,32,33,7635,893,7636,7637,7638,814,578],"class_list":{"0":"post-20986","1":"post","2":"type-post","3":"status-publish","4":"format-standard","5":"has-post-thumbnail","7":"category-musica","8":"tag-descobriu","9":"tag-entertainment","10":"tag-entretenimento","11":"tag-espaco","12":"tag-katy-perry","13":"tag-mariah-carey","14":"tag-meses-depois","15":"tag-music","16":"tag-musica","17":"tag-plantao","18":"tag-portugal","19":"tag-pt","20":"tag-reacao-hilaria","21":"tag-resposta","22":"tag-so-agora","23":"tag-surpreende","24":"tag-tardiamente","25":"tag-viagem","26":"tag-video"},"share_on_mastodon":{"url":"","error":""},"_links":{"self":[{"href":"https:\/\/www.europesays.com\/pt\/wp-json\/wp\/v2\/posts\/20986","targetHints":{"allow":["GET"]}}],"collection":[{"href":"https:\/\/www.europesays.com\/pt\/wp-json\/wp\/v2\/posts"}],"about":[{"href":"https:\/\/www.europesays.com\/pt\/wp-json\/wp\/v2\/types\/post"}],"author":[{"embeddable":true,"href":"https:\/\/www.europesays.com\/pt\/wp-json\/wp\/v2\/users\/2"}],"replies":[{"embeddable":true,"href":"https:\/\/www.europesays.com\/pt\/wp-json\/wp\/v2\/comments?post=20986"}],"version-history":[{"count":0,"href":"https:\/\/www.europesays.com\/pt\/wp-json\/wp\/v2\/posts\/20986\/revisions"}],"wp:featuredmedia":[{"embeddable":true,"href":"https:\/\/www.europesays.com\/pt\/wp-json\/wp\/v2\/media\/20987"}],"wp:attachment":[{"href":"https:\/\/www.europesays.com\/pt\/wp-json\/wp\/v2\/media?parent=20986"}],"wp:term":[{"taxonomy":"category","embeddable":true,"href":"https:\/\/www.europesays.com\/pt\/wp-json\/wp\/v2\/categories?post=20986"},{"taxonomy":"post_tag","embeddable":true,"href":"https:\/\/www.europesays.com\/pt\/wp-json\/wp\/v2\/tags?post=20986"}],"curies":[{"name":"wp","href":"https:\/\/api.w.org\/{rel}","templated":true}]}}